{"id":8566,"date":"2022-08-23T11:20:00","date_gmt":"2022-08-23T09:20:00","guid":{"rendered":"https:\/\/beta.compact-kaeltetechnik.de\/?p=8566"},"modified":"2022-12-14T09:35:36","modified_gmt":"2022-12-14T08:35:36","slug":"ausbildung-hwk-dd-2021","status":"publish","type":"post","link":"https:\/\/www.compact-kaeltetechnik.de\/de\/news\/ausbildung-hwk-dd-2021\/","title":{"rendered":"Vorbildlicher Ausbildungsbetrieb 2021"},"content":{"rendered":"<div class=\"fusion-fullwidth fullwidth-box fusion-builder-row-1 fusion-flex-container nonhundred-percent-fullwidth non-hundred-percent-height-scrolling\" style=\"--awb-border-radius-top-left:0px;--awb-border-radius-top-right:0px;--awb-border-radius-bottom-right:0px;--awb-border-radius-bottom-left:0px;--awb-flex-wrap:wrap;\" ><div class=\"fusion-builder-row fusion-row fusion-flex-align-items-flex-start fusion-flex-content-wrap\" style=\"max-width:1248px;margin-left: calc(-4% \/ 2 );margin-right: calc(-4% \/ 2 );\"><div class=\"fusion-layout-column fusion_builder_column fusion-builder-column-0 fusion_builder_column_1_2 1_2 fusion-flex-column\" style=\"--awb-bg-size:cover;--awb-width-large:50%;--awb-margin-top-large:0px;--awb-spacing-right-large:3.84%;--awb-margin-bottom-large:0px;--awb-spacing-left-large:3.84%;--awb-width-medium:100%;--awb-spacing-right-medium:1.92%;--awb-spacing-left-medium:1.92%;--awb-width-small:100%;--awb-spacing-right-small:1.92%;--awb-spacing-left-small:1.92%;\"><div class=\"fusion-column-wrapper fusion-flex-justify-content-flex-start fusion-content-layout-column\"><div class=\"fusion-text fusion-text-1\"><p>Wir freuen uns sehr \u00fcber die erneute Auszeichnung als vorbildlicher Ausbildungsbetrieb! Wir bedanken uns f\u00fcr die Anerkennung der sehr guten theoretischen sowie praktischen Ausbildung unserer Lehrlinge. Herr G\u00f6tze, Beauftragter f\u00fcr duale Berufsausbildung der Handwerkskammer Dresden \u00fcbergab im August zusammen mit lobenden Worten f\u00fcr das besondere Engagement der compact K\u00e4ltetechnik GmbH die Plakette an Lutz Hering (Gesch\u00e4ftsf\u00fchrer), Annett Gregor (Prokuristin und Leiterin Personal &amp; Marketing) und Saskia Anders (Assistenz Personal).<\/p>\n<p>Um unseren Auszubildenden \u00fcber den Lehrplan hinaus die Welt der K\u00e4ltetechnik n\u00e4her bringen zu k\u00f6nnen, findet in diesem Jahr zum zweiten Mal das deutsch-franz\u00f6sische Azubi-Austauschprogramm im Beruf des Mechatronikers f\u00fcr K\u00e4ltetechnik statt. Bereits im M\u00e4rz 2022 lernten franz\u00f6sische Lehrlinge das deutsche Pandant zu ihrem Ausbildungsberuf &#8220;Frigoriste&#8221; kennen. Im Oktober folgt der Gegenbesuch unser Auszubildenden des 3. und 4. Lehrjahres nach Toulouse.<\/p>\n<\/div><\/div><\/div><div class=\"fusion-layout-column fusion_builder_column fusion-builder-column-1 fusion_builder_column_1_2 1_2 fusion-flex-column\" style=\"--awb-bg-size:cover;--awb-width-large:50%;--awb-margin-top-large:0px;--awb-spacing-right-large:3.84%;--awb-margin-bottom-large:2%;--awb-spacing-left-large:3.84%;--awb-width-medium:100%;--awb-order-medium:0;--awb-spacing-right-medium:1.92%;--awb-spacing-left-medium:1.92%;--awb-width-small:100%;--awb-order-small:0;--awb-spacing-right-small:1.92%;--awb-spacing-left-small:1.92%;\"><div class=\"fusion-column-wrapper fusion-column-has-shadow fusion-flex-justify-content-flex-start fusion-content-layout-column\"><div class=\"fusion-image-element \" style=\"--awb-caption-title-font-family:var(--h2_typography-font-family);--awb-caption-title-font-weight:var(--h2_typography-font-weight);--awb-caption-title-font-style:var(--h2_typography-font-style);--awb-caption-title-size:var(--h2_typography-font-size);--awb-caption-title-transform:var(--h2_typography-text-transform);--awb-caption-title-line-height:var(--h2_typography-line-height);--awb-caption-title-letter-spacing:var(--h2_typography-letter-spacing);\"><span class=\" fusion-imageframe imageframe-none imageframe-1 hover-type-none\"><img decoding=\"async\" width=\"1024\" height=\"768\" title=\"IMG_2346\" src=\"https:\/\/www.compact-kaeltetechnik.de\/wp-content\/uploads\/2022\/08\/IMG_2346-scaled.jpg\" data-orig-src=\"https:\/\/www.compact-kaeltetechnik.de\/wp-content\/uploads\/2022\/08\/IMG_2346-1024x768.jpg\" alt class=\"lazyload img-responsive wp-image-8567\" srcset=\"data:image\/svg+xml,%3Csvg%20xmlns%3D%27http%3A%2F%2Fwww.w3.org%2F2000%2Fsvg%27%20width%3D%272560%27%20height%3D%271920%27%20viewBox%3D%270%200%202560%201920%27%3E%3Crect%20width%3D%272560%27%20height%3D%271920%27%20fill-opacity%3D%220%22%2F%3E%3C%2Fsvg%3E\" data-srcset=\"https:\/\/www.compact-kaeltetechnik.de\/wp-content\/uploads\/2022\/08\/IMG_2346-200x150.jpg 200w, https:\/\/www.compact-kaeltetechnik.de\/wp-content\/uploads\/2022\/08\/IMG_2346-400x300.jpg 400w, https:\/\/www.compact-kaeltetechnik.de\/wp-content\/uploads\/2022\/08\/IMG_2346-600x450.jpg 600w, https:\/\/www.compact-kaeltetechnik.de\/wp-content\/uploads\/2022\/08\/IMG_2346-800x600.jpg 800w, https:\/\/www.compact-kaeltetechnik.de\/wp-content\/uploads\/2022\/08\/IMG_2346-1200x900.jpg 1200w\" data-sizes=\"auto\" data-orig-sizes=\"(max-width: 1300px) 100vw, (max-width: 640px) 100vw, 600px\" \/><\/span><\/div><\/div><\/div><\/div><\/div>\n","protected":false},"excerpt":{"rendered":"","protected":false},"author":13,"featured_media":8571,"comment_status":"closed","ping_status":"closed","sticky":false,"template":"","format":"standard","meta":{"footnotes":""},"categories":[15],"tags":[],"class_list":["post-8566","post","type-post","status-publish","format-standard","has-post-thumbnail","hentry","category-news"],"_links":{"self":[{"href":"https:\/\/www.compact-kaeltetechnik.de\/de\/wp-json\/wp\/v2\/posts\/8566","targetHints":{"allow":["GET"]}}],"collection":[{"href":"https:\/\/www.compact-kaeltetechnik.de\/de\/wp-json\/wp\/v2\/posts"}],"about":[{"href":"https:\/\/www.compact-kaeltetechnik.de\/de\/wp-json\/wp\/v2\/types\/post"}],"author":[{"embeddable":true,"href":"https:\/\/www.compact-kaeltetechnik.de\/de\/wp-json\/wp\/v2\/users\/13"}],"replies":[{"embeddable":true,"href":"https:\/\/www.compact-kaeltetechnik.de\/de\/wp-json\/wp\/v2\/comments?post=8566"}],"version-history":[{"count":2,"href":"https:\/\/www.compact-kaeltetechnik.de\/de\/wp-json\/wp\/v2\/posts\/8566\/revisions"}],"predecessor-version":[{"id":8574,"href":"https:\/\/www.compact-kaeltetechnik.de\/de\/wp-json\/wp\/v2\/posts\/8566\/revisions\/8574"}],"wp:featuredmedia":[{"embeddable":true,"href":"https:\/\/www.compact-kaeltetechnik.de\/de\/wp-json\/wp\/v2\/media\/8571"}],"wp:attachment":[{"href":"https:\/\/www.compact-kaeltetechnik.de\/de\/wp-json\/wp\/v2\/media?parent=8566"}],"wp:term":[{"taxonomy":"category","embeddable":true,"href":"https:\/\/www.compact-kaeltetechnik.de\/de\/wp-json\/wp\/v2\/categories?post=8566"},{"taxonomy":"post_tag","embeddable":true,"href":"https:\/\/www.compact-kaeltetechnik.de\/de\/wp-json\/wp\/v2\/tags?post=8566"}],"curies":[{"name":"wp","href":"https:\/\/api.w.org\/{rel}","templated":true}]}}