{"id":7845,"date":"2021-07-08T15:30:45","date_gmt":"2021-07-08T13:30:45","guid":{"rendered":"https:\/\/beta.compact-kaeltetechnik.de\/?p=7845"},"modified":"2021-07-08T15:30:45","modified_gmt":"2021-07-08T13:30:45","slug":"unternehmerinterview-szalai","status":"publish","type":"post","link":"https:\/\/www.compact-kaeltetechnik.de\/de\/news\/unternehmerinterview-szalai\/","title":{"rendered":"Unternehmerinterview"},"content":{"rendered":"<div class=\"fusion-fullwidth fullwidth-box fusion-builder-row-1 fusion-flex-container nonhundred-percent-fullwidth non-hundred-percent-height-scrolling\" style=\"--awb-border-radius-top-left:0px;--awb-border-radius-top-right:0px;--awb-border-radius-bottom-right:0px;--awb-border-radius-bottom-left:0px;--awb-flex-wrap:wrap;\" ><div class=\"fusion-builder-row fusion-row fusion-flex-align-items-flex-start fusion-flex-content-wrap\" style=\"max-width:1248px;margin-left: calc(-4% \/ 2 );margin-right: calc(-4% \/ 2 );\"><div class=\"fusion-layout-column fusion_builder_column fusion-builder-column-0 fusion_builder_column_1_2 1_2 fusion-flex-column\" style=\"--awb-bg-size:cover;--awb-width-large:50%;--awb-margin-top-large:0px;--awb-spacing-right-large:3.84%;--awb-margin-bottom-large:0px;--awb-spacing-left-large:3.84%;--awb-width-medium:100%;--awb-spacing-right-medium:1.92%;--awb-spacing-left-medium:1.92%;--awb-width-small:100%;--awb-spacing-right-small:1.92%;--awb-spacing-left-small:1.92%;\"><div class=\"fusion-column-wrapper fusion-flex-justify-content-flex-start fusion-content-layout-column\"><div class=\"fusion-text fusion-text-1\"><p>compact K\u00e4ltetechnik w\u00e4chst &#8211; nicht nur unser Hauptstandort in Dresden, sondern auch unsere Niederlassung in Scharfenstein entwickelt sich immer weiter. 2004 \u00fcbernahm Peter Szalai die Leitung des damals neuen Standortes und hat ihn mit Erfolg zu einer standardisierten Fertigung f\u00fcr K\u00e4ltemaschinen entwickelt. Was ihn dazu bewegt hat, 2020 Firmenanteile und in der Gesch\u00e4ftsleitung weitere Verantwortung zu \u00fcbernehmen, und was uns weiterhin am Standort Scharfenstein erwartet, verr\u00e4t er uns im Interview.<\/p>\n<p>Von Stefanie Sch\u00f6ne, 07.07.2021<\/p>\n<\/div><div class=\"fusion-separator fusion-full-width-sep\" style=\"align-self: center;margin-left: auto;margin-right: auto;margin-top:20px;margin-bottom:30px;width:100%;\"><\/div><div class=\"fusion-text fusion-text-2\"><p><strong>Hallo Peter!<\/strong><\/p>\n<p><strong>Der Standort Scharfstein im Erzgebirge ist l\u00e4ngst nicht mehr der, der er 2004 einmal war. Erst k\u00fcrzlich wurde die Erweiterung der Fertigungshalle in Betrieb genommen. Was hat sich seitdem ver\u00e4ndert?<\/strong><\/p>\n<\/div><\/div><\/div><div class=\"fusion-layout-column fusion_builder_column fusion-builder-column-1 fusion_builder_column_1_2 1_2 fusion-flex-column\" style=\"--awb-bg-size:cover;--awb-width-large:50%;--awb-margin-top-large:0px;--awb-spacing-right-large:3.84%;--awb-margin-bottom-large:2%;--awb-spacing-left-large:3.84%;--awb-width-medium:100%;--awb-order-medium:0;--awb-spacing-right-medium:1.92%;--awb-spacing-left-medium:1.92%;--awb-width-small:100%;--awb-order-small:0;--awb-spacing-right-small:1.92%;--awb-spacing-left-small:1.92%;\"><div class=\"fusion-column-wrapper fusion-column-has-shadow fusion-flex-justify-content-flex-start fusion-content-layout-column\"><div class=\"fusion-image-element \" style=\"--awb-caption-title-font-family:var(--h2_typography-font-family);--awb-caption-title-font-weight:var(--h2_typography-font-weight);--awb-caption-title-font-style:var(--h2_typography-font-style);--awb-caption-title-size:var(--h2_typography-font-size);--awb-caption-title-transform:var(--h2_typography-text-transform);--awb-caption-title-line-height:var(--h2_typography-line-height);--awb-caption-title-letter-spacing:var(--h2_typography-letter-spacing);\"><span class=\" fusion-imageframe imageframe-none imageframe-1 hover-type-none\"><img decoding=\"async\" width=\"1200\" height=\"800\" title=\"Peter Szalai, compact K\u00e4ltetechnik\" src=\"https:\/\/www.compact-kaeltetechnik.de\/wp-content\/uploads\/2021\/07\/PSz.jpg\" data-orig-src=\"https:\/\/www.compact-kaeltetechnik.de\/wp-content\/uploads\/2021\/07\/PSz.jpg\" alt class=\"lazyload img-responsive wp-image-7846\" srcset=\"data:image\/svg+xml,%3Csvg%20xmlns%3D%27http%3A%2F%2Fwww.w3.org%2F2000%2Fsvg%27%20width%3D%271200%27%20height%3D%27800%27%20viewBox%3D%270%200%201200%20800%27%3E%3Crect%20width%3D%271200%27%20height%3D%27800%27%20fill-opacity%3D%220%22%2F%3E%3C%2Fsvg%3E\" data-srcset=\"https:\/\/www.compact-kaeltetechnik.de\/wp-content\/uploads\/2021\/07\/PSz-200x133.jpg 200w, https:\/\/www.compact-kaeltetechnik.de\/wp-content\/uploads\/2021\/07\/PSz-400x267.jpg 400w, https:\/\/www.compact-kaeltetechnik.de\/wp-content\/uploads\/2021\/07\/PSz-600x400.jpg 600w, https:\/\/www.compact-kaeltetechnik.de\/wp-content\/uploads\/2021\/07\/PSz-800x533.jpg 800w, https:\/\/www.compact-kaeltetechnik.de\/wp-content\/uploads\/2021\/07\/PSz.jpg 1200w\" data-sizes=\"auto\" data-orig-sizes=\"(max-width: 1300px) 100vw, (max-width: 640px) 100vw, 600px\" \/><\/span><\/div><\/div><\/div><div class=\"fusion-layout-column fusion_builder_column fusion-builder-column-2 fusion_builder_column_1_1 1_1 fusion-flex-column\" style=\"--awb-bg-size:cover;--awb-width-large:100%;--awb-margin-top-large:0px;--awb-spacing-right-large:1.92%;--awb-margin-bottom-large:2%;--awb-spacing-left-large:1.92%;--awb-width-medium:100%;--awb-order-medium:0;--awb-spacing-right-medium:1.92%;--awb-spacing-left-medium:1.92%;--awb-width-small:100%;--awb-order-small:0;--awb-spacing-right-small:1.92%;--awb-spacing-left-small:1.92%;\"><div class=\"fusion-column-wrapper fusion-column-has-shadow fusion-flex-justify-content-flex-start fusion-content-layout-column\"><div class=\"fusion-text fusion-text-3\"><p>Der Anbau und die Au\u00dfenfassade der kompletten Halle wurden bereits im November 2020 fertig gestellt. Aufgrund der sehr hohen Nachfrage zum Ende des Jahres konnten wir die begonnene Einrichtung der neuen Arbeitspl\u00e4tze noch nicht abschlie\u00dfen. Inzwischen ist alles in Betrieb genommen und bietet Platz f\u00fcr 10 Kolleginnen und Kollegen. Im Zuge dessen konnten Arbeits- und Produktionsabl\u00e4ufe optimiert und Wege reduziert sowie neue Lagerressourcen geschaffen werden. Die neue Laderampe und deren Anbindung an die ausgebaute Stra\u00dfe im Gewerbegebet erleichtern uns die Verladungen enorm und wir sparen viel Zeit und Technik. Aktuell stellen wir jedoch fest, dass wir eigentlich noch mehr Platz br\u00e4uchten *lach*.<\/p>\n<p><strong>Woran liegt das?<\/strong><\/p>\n<p>Als wir die Halle geplant und in Auftrag gegeben haben, waren diese Dimensionen f\u00fcr unseren Standort ausreichend. In den letzten Jahren freuten wir uns dann einerseits \u00fcber gestiegene Produktionszahlen und andererseits wurden unsere Standardanlagen mit immer mehr Zubeh\u00f6r wie Wetter- und Schallschutzgeh\u00e4usen sowie Schaltschr\u00e4nken ausgestattet. Letztgenanntes fordert ungeplante und best\u00e4ndig zunehmende Lagerkapazit\u00e4ten. 6.000 m\u00b2 unbebaute Fl\u00e4che lassen Raum f\u00fcr Visionen. Die Planung f\u00fcr eine weitere Expansion wird in den n\u00e4chsten Jahren wohl unausweichlich sein.<\/p>\n<p><strong>Neben der Fertigungshalle hat sich auch das Scharfensteiner Gewerbegebiet weiterentwickelt. Welchen Einfluss hat das auf euch?<\/strong><\/p>\n<p>Das Gewerbegebiet in Scharfenstein floriert. Seine Revitalisierung begann vor ca. 10 Jahren mit Abrissarbeiten, der Erschlie\u00dfung neuer Gewerbefl\u00e4chen und dem Bau einer neuen Ringstra\u00dfe. Dies sorgte daf\u00fcr, dass Bestandsfirmen ebenfalls expandieren und sich neue Firmen ansiedeln konnten. Ich freue mich, bew\u00e4hrte und neue Partner in unmittelbarer N\u00e4he zu haben und auf deren Unterst\u00fctzung bauen zu k\u00f6nnen.<\/p>\n<p><strong>Bei so einem Wachstum braucht man auch entsprechend (viel) gutes Personal. Wie gestaltet sich die Fachkr\u00e4ftegewinnung, besonders im l\u00e4ndlichen Gebiet?<\/strong><\/p>\n<p>Gl\u00fccklicherweise sehr gut. Aktuell sind wir insgesamt 25 Mitarbeitende am Standort Scharfenstein. Allein in diesem Jahr k\u00f6nnen wir schon sechs sehr gute Neuzug\u00e4nge verzeichnen. Im September werden dann noch zwei bis drei Auszubildende Mechatroniker f\u00fcr K\u00e4ltetechnik dazukommen. Einen Gro\u00dfteil unserer Mitarbeiter haben wir durch Empfehlungen unserer Kolleginnen und Kollegen gewinnen k\u00f6nnen. Wir haben hier am Standort ein sehr gutes und famili\u00e4res Klima, was offensichtlich gern weitervermittelt und damit zum Wachstum beitragen wird. Das freut mich pers\u00f6nlich nat\u00fcrlich sehr und ich hoffe, dass es auch weiterhin so bleibt. Zus\u00e4tzlich engagieren wir uns auf lokalen Job- und Ausbildungsmessen.<\/p>\n<p><strong>2020 hast du zus\u00e4tzlich durch die \u00dcbernahme von Firmenanteilen und deinem offiziellen Eintritt in die Gesch\u00e4ftsleitung weitere Verantwortung im Unternehmen \u00fcbernommen. Wie ist es dazu gekommen und wie gehst du pers\u00f6nlich mit dieser Verantwortung um?<\/strong><\/p>\n<p>Als ich dieses Angebot bekommen habe, war ich zun\u00e4chst \u00fcberrascht. Das war definitiv keine Entscheidung, die \u00fcber Nacht getroffen wurde. Der entscheidende Faktor f\u00fcr mich war, dass die Herren Hering und Poschmann weiterhin im Unternehmen bleiben und ihre Erfahrungen und ihr Wissen \u00fcber die n\u00e4chsten Jahre an uns \u201eNeue\u201c weitergeben k\u00f6nnen. Wir wachsen dadurch in die Verantwortung hinein und profitieren von den erfahrenen Gr\u00fcndern. Nun sind wir f\u00fcnf gleichberechtigte Gesellschafter mit einer sehr kooperativen Zusammenarbeit. Die Meinung aller ist wichtig, es werden Kompromisse gefunden und letztlich immer einstimmige Entscheidungen im Sinne des Unternehmens getroffen. Meine T\u00e4tigkeiten haben sich im Wesentlichen kaum ver\u00e4ndert, lediglich die Verantwortung ist gewachsen. Ich bin weiterhin f\u00fcr die Leitung des Standortes Scharfenstein zust\u00e4ndig. Meine Kompetenzen liegen in der Entwicklung neuer Standards sowie der Auswertung und Optimierung unserer Leistungskennzahlen (KPIs) und genau dieses Wissen und meine Erfahrungen bringe ich in die Gesch\u00e4ftsleitung ein.<\/p>\n<p><strong>Was erwartet uns in Zukunft vom Standort Scharfenstein? <\/strong><\/p>\n<p>Unsere Kernkompetenz ist ganz klar die Entwicklung und Produktion von Serienprodukten. Die Anforderungen an die Maschinen werden immer umfangreicher, was dazu f\u00fchrt, dass wir aktuell mehr individuell fertigen. Aufgrund dieser Marktnachfrage und den gewonnenen Erkenntnissen wollen wir die Standardanlagen weiter ausbauen. Ein wichtiger Punkt ist dabei auch die Erweiterung des Konfigurators f\u00fcr die CO<sub>2<\/sub>-Produkte *carbo-Line und *carbo-Rack. Die Nachfrage im Supermarkt- und Discounterbereich ist sehr hoch. Daher arbeiten wir ebenso st\u00e4ndig an der Optimierung der bestehenden Energiekonzepte, um die Anlagentechnik noch effizienter zu gestalten und unseren Kunden bestm\u00f6gliche Ergebnisse zu pr\u00e4sentieren. Die Kundenbed\u00fcrfnisse stehen dabei auch zuk\u00fcnftig immer im Vordergrund. Man kann sich wie gehabt auf uns als zuverl\u00e4ssigen und flexiblen Partner verlassen.<\/p>\n<p><strong>Wir bleiben gespannt und w\u00fcnschen dir weiterhin viel Erfolg.<br \/>\nHerzlichen Dank f\u00fcr das offene Gespr\u00e4ch!<\/strong><\/p>\n<\/div><\/div><\/div><\/div><\/div>\n","protected":false},"excerpt":{"rendered":"","protected":false},"author":13,"featured_media":7846,"comment_status":"closed","ping_status":"closed","sticky":false,"template":"","format":"standard","meta":{"footnotes":""},"categories":[15],"tags":[],"class_list":["post-7845","post","type-post","status-publish","format-standard","has-post-thumbnail","hentry","category-news"],"_links":{"self":[{"href":"https:\/\/www.compact-kaeltetechnik.de\/de\/wp-json\/wp\/v2\/posts\/7845","targetHints":{"allow":["GET"]}}],"collection":[{"href":"https:\/\/www.compact-kaeltetechnik.de\/de\/wp-json\/wp\/v2\/posts"}],"about":[{"href":"https:\/\/www.compact-kaeltetechnik.de\/de\/wp-json\/wp\/v2\/types\/post"}],"author":[{"embeddable":true,"href":"https:\/\/www.compact-kaeltetechnik.de\/de\/wp-json\/wp\/v2\/users\/13"}],"replies":[{"embeddable":true,"href":"https:\/\/www.compact-kaeltetechnik.de\/de\/wp-json\/wp\/v2\/comments?post=7845"}],"version-history":[{"count":3,"href":"https:\/\/www.compact-kaeltetechnik.de\/de\/wp-json\/wp\/v2\/posts\/7845\/revisions"}],"predecessor-version":[{"id":7851,"href":"https:\/\/www.compact-kaeltetechnik.de\/de\/wp-json\/wp\/v2\/posts\/7845\/revisions\/7851"}],"wp:featuredmedia":[{"embeddable":true,"href":"https:\/\/www.compact-kaeltetechnik.de\/de\/wp-json\/wp\/v2\/media\/7846"}],"wp:attachment":[{"href":"https:\/\/www.compact-kaeltetechnik.de\/de\/wp-json\/wp\/v2\/media?parent=7845"}],"wp:term":[{"taxonomy":"category","embeddable":true,"href":"https:\/\/www.compact-kaeltetechnik.de\/de\/wp-json\/wp\/v2\/categories?post=7845"},{"taxonomy":"post_tag","embeddable":true,"href":"https:\/\/www.compact-kaeltetechnik.de\/de\/wp-json\/wp\/v2\/tags?post=7845"}],"curies":[{"name":"wp","href":"https:\/\/api.w.org\/{rel}","templated":true}]}}