{"id":7712,"date":"2021-05-05T15:17:47","date_gmt":"2021-05-05T13:17:47","guid":{"rendered":"https:\/\/beta.compact-kaeltetechnik.de\/?p=7712"},"modified":"2021-05-11T13:01:27","modified_gmt":"2021-05-11T11:01:27","slug":"interview-lauth-gregor-2021","status":"publish","type":"post","link":"https:\/\/www.compact-kaeltetechnik.de\/de\/news\/interview-lauth-gregor-2021\/","title":{"rendered":"Unternehmerinterview"},"content":{"rendered":"<div class=\"fusion-fullwidth fullwidth-box fusion-builder-row-1 fusion-flex-container nonhundred-percent-fullwidth non-hundred-percent-height-scrolling\" style=\"--awb-border-radius-top-left:0px;--awb-border-radius-top-right:0px;--awb-border-radius-bottom-right:0px;--awb-border-radius-bottom-left:0px;--awb-flex-wrap:wrap;\" ><div class=\"fusion-builder-row fusion-row fusion-flex-align-items-flex-start fusion-flex-content-wrap\" style=\"max-width:1248px;margin-left: calc(-4% \/ 2 );margin-right: calc(-4% \/ 2 );\"><div class=\"fusion-layout-column fusion_builder_column fusion-builder-column-0 fusion_builder_column_1_2 1_2 fusion-flex-column\" style=\"--awb-bg-size:cover;--awb-width-large:50%;--awb-margin-top-large:0px;--awb-spacing-right-large:3.84%;--awb-margin-bottom-large:0px;--awb-spacing-left-large:3.84%;--awb-width-medium:100%;--awb-spacing-right-medium:1.92%;--awb-spacing-left-medium:1.92%;--awb-width-small:100%;--awb-spacing-right-small:1.92%;--awb-spacing-left-small:1.92%;\"><div class=\"fusion-column-wrapper fusion-flex-justify-content-flex-start fusion-content-layout-column\"><div class=\"fusion-text fusion-text-1\"><p>Vor einem Jahr gab es einige Ver\u00e4nderungen in der Gesch\u00e4ftsf\u00fchrung von compact K\u00e4ltetechnik: Robert Lauth wurde neuer Gesch\u00e4ftsf\u00fchrer und Annett Gregor \u00fcbernahm als Prokuristin weitere Verantwortung im Unternehmen. Was sich seitdem f\u00fcr beide pers\u00f6nlich ver\u00e4ndert hat, wie sie mit den Besonderheiten im Jahr 2020 umgegangen sind und wie sie aktuell die Lage von compact K\u00e4ltetechnik bewerten, verraten sie uns im Interview.<\/p>\n<p>von Stefanie Sch\u00f6ne, 03.05.2021<\/p>\n<\/div><div class=\"fusion-separator fusion-full-width-sep\" style=\"align-self: center;margin-left: auto;margin-right: auto;margin-top:20px;margin-bottom:30px;width:100%;\"><\/div><div class=\"fusion-text fusion-text-2\"><p><strong>Hallo Annett, hallo Robert! <\/strong><\/p>\n<p><strong>Robert, Du hast vor \u00fcber einem Jahr, zum 01.01.2020, den Posten des Gesch\u00e4ftsf\u00fchrers vom Mitgr\u00fcnder und Altgesellschafter Frank Poschmann \u00fcbernommen. Was hat sich seitdem f\u00fcr dich ver\u00e4ndert?<\/strong><\/p>\n<\/div><\/div><\/div><div class=\"fusion-layout-column fusion_builder_column fusion-builder-column-1 fusion_builder_column_1_2 1_2 fusion-flex-column\" style=\"--awb-bg-size:cover;--awb-width-large:50%;--awb-margin-top-large:0px;--awb-spacing-right-large:3.84%;--awb-margin-bottom-large:2%;--awb-spacing-left-large:3.84%;--awb-width-medium:100%;--awb-order-medium:0;--awb-spacing-right-medium:1.92%;--awb-spacing-left-medium:1.92%;--awb-width-small:100%;--awb-order-small:0;--awb-spacing-right-small:1.92%;--awb-spacing-left-small:1.92%;\"><div class=\"fusion-column-wrapper fusion-column-has-shadow fusion-flex-justify-content-flex-start fusion-content-layout-column\"><div class=\"fusion-image-element \" style=\"--awb-caption-title-font-family:var(--h2_typography-font-family);--awb-caption-title-font-weight:var(--h2_typography-font-weight);--awb-caption-title-font-style:var(--h2_typography-font-style);--awb-caption-title-size:var(--h2_typography-font-size);--awb-caption-title-transform:var(--h2_typography-text-transform);--awb-caption-title-line-height:var(--h2_typography-line-height);--awb-caption-title-letter-spacing:var(--h2_typography-letter-spacing);\"><span class=\" fusion-imageframe imageframe-none imageframe-1 hover-type-none\"><img decoding=\"async\" width=\"800\" height=\"533\" title=\"Robert_Annett_Interview_1200x800\" src=\"https:\/\/www.compact-kaeltetechnik.de\/wp-content\/uploads\/2021\/05\/Robert_Annett_Interview_1200x800.jpg\" data-orig-src=\"https:\/\/www.compact-kaeltetechnik.de\/wp-content\/uploads\/2021\/05\/Robert_Annett_Interview_1200x800-800x533.jpg\" alt class=\"lazyload img-responsive wp-image-7713\" srcset=\"data:image\/svg+xml,%3Csvg%20xmlns%3D%27http%3A%2F%2Fwww.w3.org%2F2000%2Fsvg%27%20width%3D%271200%27%20height%3D%27800%27%20viewBox%3D%270%200%201200%20800%27%3E%3Crect%20width%3D%271200%27%20height%3D%27800%27%20fill-opacity%3D%220%22%2F%3E%3C%2Fsvg%3E\" data-srcset=\"https:\/\/www.compact-kaeltetechnik.de\/wp-content\/uploads\/2021\/05\/Robert_Annett_Interview_1200x800-200x133.jpg 200w, https:\/\/www.compact-kaeltetechnik.de\/wp-content\/uploads\/2021\/05\/Robert_Annett_Interview_1200x800-400x267.jpg 400w, https:\/\/www.compact-kaeltetechnik.de\/wp-content\/uploads\/2021\/05\/Robert_Annett_Interview_1200x800-600x400.jpg 600w, https:\/\/www.compact-kaeltetechnik.de\/wp-content\/uploads\/2021\/05\/Robert_Annett_Interview_1200x800-800x533.jpg 800w, https:\/\/www.compact-kaeltetechnik.de\/wp-content\/uploads\/2021\/05\/Robert_Annett_Interview_1200x800.jpg 1200w\" data-sizes=\"auto\" data-orig-sizes=\"(max-width: 1300px) 100vw, (max-width: 640px) 100vw, 600px\" \/><\/span><\/div><\/div><\/div><div class=\"fusion-layout-column fusion_builder_column fusion-builder-column-2 fusion_builder_column_1_1 1_1 fusion-flex-column\" style=\"--awb-bg-size:cover;--awb-width-large:100%;--awb-margin-top-large:0px;--awb-spacing-right-large:1.92%;--awb-margin-bottom-large:2%;--awb-spacing-left-large:1.92%;--awb-width-medium:100%;--awb-order-medium:0;--awb-spacing-right-medium:1.92%;--awb-spacing-left-medium:1.92%;--awb-width-small:100%;--awb-order-small:0;--awb-spacing-right-small:1.92%;--awb-spacing-left-small:1.92%;\"><div class=\"fusion-column-wrapper fusion-column-has-shadow fusion-flex-justify-content-flex-start fusion-content-layout-column\"><div class=\"fusion-text fusion-text-3\"><p>Als ich vor fast 24 Jahren als junger Azubi meine Ausbildung bei compact begann, begleiteten mich 6 Kollegen in der Fertigung, die mir das Herstellen von K\u00e4ltemaschinen beibrachten. Seitdem hat sich vieles weiterentwickelt und &#8211; ja, auch verbessert. Nach nun 3 Jahren in der Gesch\u00e4ftsleitung hat sich mein Arbeitsalltag im Vergleich zur Ausbildung komplett ver\u00e4ndert. Wenn ich sp\u00e4ter auf mein Berufsleben zur\u00fcckblicken werde, wird mir das Jahr 2020 ganz sicher in besonderer Erinnerung bleiben. Ich bin sehr dankbar f\u00fcr das entgegengebrachte Vertrauen und die Entwicklung von compact, mit seinen mittlerweile \u00fcber 100 Kolleginnen und Kollegen, die alle zum Erfolg beitragen.<\/p>\n<p><strong>Das Jahr 2020 hat sich ja im Nachhinein nicht gerade als leichter Einstieg f\u00fcr die Verantwortungs\u00fcbernahme als Gesch\u00e4ftsf\u00fchrer entpuppt\u2026<\/strong><\/p>\n<p>Das ist wohl wahr. Schon im M\u00e4rz folgten f\u00fcr mich mit der Pandemielage die ersten Schattenseiten, wenn Verantwortung zur Last werden kann. Die nicht gekannten Umst\u00e4nde eines Lockdowns, erschwerte Bedingungen bei diversen Zulieferern und einige Auftragsstopps in dieser Zeit bereiteten sicher nicht nur mir gro\u00dfe Sorgen. Die schlaflosen N\u00e4chte bis weit in den April hinein sah man mir bestimmt an. *lach*<\/p>\n<p><strong>Wie seid ihr mit der Situation konkret umgegangen?<\/strong><\/p>\n<p><strong>Annett<\/strong>: Die Investitionen der letzten Jahre in diversen Bereichen wie z.B. dem Marketing und der Personalarbeit haben sich in dieser Zeit mit den ad hoc ver\u00e4nderten Rahmenbedingungen deutlich ausgezahlt. Das professionelle Auftreten unseres Teams, die Sichtbarkeit im Markt, die Kompetenz der Mitarbeitenden in allen Bereichen und nicht zuletzt mit der technischen und baulichen Qualit\u00e4t unserer Anlagen haben wir uns z.B. einen Platz im sehr umk\u00e4mpften Supermarktsegment erobert.<\/p>\n<p><strong>Robert<\/strong>: Ab Mai hatten wir dann einen Boom in der Auftragslage, der sich konstant \u00fcber das Jahr weiterentwickelte. Nat\u00fcrlich mussten wir auch schauen, wie wir die gestiegene Auftragssituation unter den ver\u00e4nderten Arbeitsbedingungen noch gut bew\u00e4ltigten konnten. Die B\u00fcro-Mitarbeiter befanden sich ja zumindest teilweise, mitunter auch in Vollzeit im Home-Office. Die Fertigung wurde in feste Teamzusammensetzungen eingeteilt mit strikten Trennungen untereinander.<\/p>\n<p><strong>Annett<\/strong>: Da mussten einige Prozesse neu strukturiert werden und die Kommunikationswege ebenso. Auch wenn anf\u00e4nglich all diese \u00c4nderungen nicht f\u00fcr alle einfach waren, kann ich heute sagen: \u201eWir haben in dieser Situation vieles richtig gemacht.\u201c<\/p>\n<p><strong>Robert<\/strong>: Im Jahr 2020 haben wir den bisher h\u00f6chsten Jahresumsatz erwirtschaftet und sind bisher auch alle gut und gesund durch die Pandemie gekommen. \u00a0Das geht auch nur mit Partnern und Kunden, die uns und unseren Leistungen vertrauen. Daf\u00fcr bin ich sehr dankbar.<\/p>\n<p>Einen besonderen Dank richte ich auch an alle Mitarbeitenden, die trotz der Einschr\u00e4nkungen im privaten und beruflichen Leben hervorragende Arbeit geleistet haben!<\/p>\n<p><strong>Im Jahr 2019 hat compact K\u00e4ltetechnik den Zukunftspreis der Handwerkskammer Dresden f\u00fcr seine Investitionen in nachhaltige Personalarbeit, eine gelungene Nachfolgeregelung und zukunftsf\u00e4hige Produkte und Technologien gewonnen. Wie werdet ihr diesem Anspruch auch weiterhin gerecht?<\/strong><\/p>\n<p><strong>Annett: <\/strong>Aus meiner Sicht hat die Pandemie uns als Unternehmen \u2013 wie auch so vielen anderen \u2013nochmal einen richtigen Schub Richtung Zukunftsf\u00e4higkeit und Ver\u00e4nderungsverm\u00f6gen gegeben. F\u00fcr einige Themen ist durch die diversen Abh\u00e4ngigkeiten die richtige Zeit \u2013 und vielleicht auch der n\u00f6tige externe Druck *lach* \u2013 zur Umsetzung gewesen. Da w\u00e4re zum einen das flexible, mobile Arbeiten zu nennen und dann nat\u00fcrlich die M\u00f6glichkeiten der virtuellen Kommunikation zu nutzen, Prozesse umzustellen, zu Digitalisieren. F\u00fcr all das braucht es ja nicht nur die technischen Voraussetzungen, die zu schaffen waren, sondern auch die Bereitschaft und das Verst\u00e4ndnis der Mitarbeitenden in die Notwendigkeit dieser Ver\u00e4nderungen.<\/p>\n<p>Insgesamt haben wir das gut gemeistert, Formate wie die CO2 Schulung mit Praxisteil komplett virtuell angeboten und auch unsere Vortragsreihe COLD NEWS in diesem Jahr erstmalig als digitale Veranstaltung durchgef\u00fchrt. Das positive Feedback best\u00e4rkt uns diesen Weg weiter zu verfolgen.<\/p>\n<p>Dennoch vermisse ich die pers\u00f6nlichen Begegnungen, auch unser j\u00e4hrliches Sommerfest mit allen Kolleginnen und Kollegen sowie die Netzwerkformate auch mit unseren Kunden sehr.<\/p>\n<p><strong>Auch 2021 begleiten uns die Umst\u00e4nde mit der Corona-Pandemie ja leider erst einmal weiter.<br \/>\nRobert, was erwartest du f\u00fcr dieses Jahr? <\/strong><\/p>\n<p>Wir sind im letzten Jahr stark gewachsen. Wir konnten viele neue und wichtige Kunden gewinnen, haben auch viele neue Mitarbeiter eingestellt und mit den neuen Arbeitsbedingungen ein wichtiges und notwendiges Fundament geschaffen. Auch 2021 wollen wir uns nat\u00fcrlich weiter entwickeln. Das letzte Jahr hat uns gezeigt, dass die Flexibilit\u00e4t im Denken und Handeln unsere Zukunftsf\u00e4higkeit sichert und wir damit bestm\u00f6gliche Ergebnisse erzielen k\u00f6nnen. Wir haben damit wichtige Weichen f\u00fcr dieses Jahr gestellt. Unser Auftragseingang war auch im 1. Quartal konstant hoch, sodass wir mit einer guten Fertigungsauslastung rechnen k\u00f6nnen. Au\u00dferdem sind personelle Neueinstellungen in mehreren Bereichen geplant. Nicht zu guter Letzt hoffe auch ich die pers\u00f6nlichen Kontakte bald wieder zu intensivieren und auch mit unseren Mitarbeitenden wieder auf die Erfolge ansto\u00dfen zu k\u00f6nnen. Nach den gut gemeisterten H\u00fcrden der Vergangenheit blicke ich diesem Jahr auf jeden Fall positiv entgegen.<\/p>\n<p><strong>Vielen Dank f\u00fcr das offene Gespr\u00e4ch!<\/strong><\/p>\n<\/div><\/div><\/div><\/div><\/div>\n","protected":false},"excerpt":{"rendered":"","protected":false},"author":13,"featured_media":7713,"comment_status":"closed","ping_status":"closed","sticky":false,"template":"","format":"standard","meta":{"footnotes":""},"categories":[15],"tags":[],"class_list":["post-7712","post","type-post","status-publish","format-standard","has-post-thumbnail","hentry","category-news"],"_links":{"self":[{"href":"https:\/\/www.compact-kaeltetechnik.de\/de\/wp-json\/wp\/v2\/posts\/7712","targetHints":{"allow":["GET"]}}],"collection":[{"href":"https:\/\/www.compact-kaeltetechnik.de\/de\/wp-json\/wp\/v2\/posts"}],"about":[{"href":"https:\/\/www.compact-kaeltetechnik.de\/de\/wp-json\/wp\/v2\/types\/post"}],"author":[{"embeddable":true,"href":"https:\/\/www.compact-kaeltetechnik.de\/de\/wp-json\/wp\/v2\/users\/13"}],"replies":[{"embeddable":true,"href":"https:\/\/www.compact-kaeltetechnik.de\/de\/wp-json\/wp\/v2\/comments?post=7712"}],"version-history":[{"count":14,"href":"https:\/\/www.compact-kaeltetechnik.de\/de\/wp-json\/wp\/v2\/posts\/7712\/revisions"}],"predecessor-version":[{"id":7728,"href":"https:\/\/www.compact-kaeltetechnik.de\/de\/wp-json\/wp\/v2\/posts\/7712\/revisions\/7728"}],"wp:featuredmedia":[{"embeddable":true,"href":"https:\/\/www.compact-kaeltetechnik.de\/de\/wp-json\/wp\/v2\/media\/7713"}],"wp:attachment":[{"href":"https:\/\/www.compact-kaeltetechnik.de\/de\/wp-json\/wp\/v2\/media?parent=7712"}],"wp:term":[{"taxonomy":"category","embeddable":true,"href":"https:\/\/www.compact-kaeltetechnik.de\/de\/wp-json\/wp\/v2\/categories?post=7712"},{"taxonomy":"post_tag","embeddable":true,"href":"https:\/\/www.compact-kaeltetechnik.de\/de\/wp-json\/wp\/v2\/tags?post=7712"}],"curies":[{"name":"wp","href":"https:\/\/api.w.org\/{rel}","templated":true}]}}