{"id":763,"date":"2017-06-24T00:01:07","date_gmt":"2017-06-23T22:01:07","guid":{"rendered":"https:\/\/beta.compact-kaeltetechnik.de\/?p=763\/"},"modified":"2018-01-15T17:05:02","modified_gmt":"2018-01-15T16:05:02","slug":"25-jahre-compact-kaeltetechnik","status":"publish","type":"post","link":"https:\/\/www.compact-kaeltetechnik.de\/de\/news\/25-jahre-compact-kaeltetechnik\/","title":{"rendered":"25 Jahre compact K\u00e4ltetechnik"},"content":{"rendered":"<p>25-Jahre compact K\u00e4ltetechnik GmbH!<\/p>\n<p>Das Firmenjubil\u00e4um wurde mit einem Sommerfest zusammen mit der Belegschaft und ihren Familien gefeiert. Wir bedanken uns bei unseren treuen Kunden, Lieferanten und nat\u00fcrlich den Mitarbeitern, ohne die unsere Erfolgsgeschichte gar nicht m\u00f6glich gewesen w\u00e4re. Danke!<\/p>\n","protected":false},"excerpt":{"rendered":"<p>25-Jahre compact K\u00e4ltetechnik GmbH! Das Firmenjubil\u00e4um wurde mit einem Sommerfest zusammen mit der Belegschaft und ihren Familien gefeiert. Wir bedanken uns bei unseren treuen Kunden, Lieferanten und nat\u00fcrlich den Mitarbeitern, ohne die unsere Erfolgsgeschichte gar nicht m\u00f6glich gewesen w\u00e4re. Danke!<\/p>\n","protected":false},"author":4,"featured_media":778,"comment_status":"open","ping_status":"closed","sticky":false,"template":"","format":"standard","meta":{"footnotes":""},"categories":[15],"tags":[],"class_list":["post-763","post","type-post","status-publish","format-standard","has-post-thumbnail","hentry","category-news"],"_links":{"self":[{"href":"https:\/\/www.compact-kaeltetechnik.de\/de\/wp-json\/wp\/v2\/posts\/763","targetHints":{"allow":["GET"]}}],"collection":[{"href":"https:\/\/www.compact-kaeltetechnik.de\/de\/wp-json\/wp\/v2\/posts"}],"about":[{"href":"https:\/\/www.compact-kaeltetechnik.de\/de\/wp-json\/wp\/v2\/types\/post"}],"author":[{"embeddable":true,"href":"https:\/\/www.compact-kaeltetechnik.de\/de\/wp-json\/wp\/v2\/users\/4"}],"replies":[{"embeddable":true,"href":"https:\/\/www.compact-kaeltetechnik.de\/de\/wp-json\/wp\/v2\/comments?post=763"}],"version-history":[{"count":1,"href":"https:\/\/www.compact-kaeltetechnik.de\/de\/wp-json\/wp\/v2\/posts\/763\/revisions"}],"predecessor-version":[{"id":987,"href":"https:\/\/www.compact-kaeltetechnik.de\/de\/wp-json\/wp\/v2\/posts\/763\/revisions\/987"}],"wp:featuredmedia":[{"embeddable":true,"href":"https:\/\/www.compact-kaeltetechnik.de\/de\/wp-json\/wp\/v2\/media\/778"}],"wp:attachment":[{"href":"https:\/\/www.compact-kaeltetechnik.de\/de\/wp-json\/wp\/v2\/media?parent=763"}],"wp:term":[{"taxonomy":"category","embeddable":true,"href":"https:\/\/www.compact-kaeltetechnik.de\/de\/wp-json\/wp\/v2\/categories?post=763"},{"taxonomy":"post_tag","embeddable":true,"href":"https:\/\/www.compact-kaeltetechnik.de\/de\/wp-json\/wp\/v2\/tags?post=763"}],"curies":[{"name":"wp","href":"https:\/\/api.w.org\/{rel}","templated":true}]}}