{"id":7255,"date":"2020-11-30T14:36:10","date_gmt":"2020-11-30T13:36:10","guid":{"rendered":"https:\/\/beta.compact-kaeltetechnik.de\/?p=7255"},"modified":"2020-12-14T10:57:35","modified_gmt":"2020-12-14T09:57:35","slug":"online-co2-schulung-termine","status":"publish","type":"post","link":"https:\/\/www.compact-kaeltetechnik.de\/de\/news\/online-co2-schulung-termine\/","title":{"rendered":"Online CO2 Schulung verf\u00fcgbar"},"content":{"rendered":"<div class=\"fusion-fullwidth fullwidth-box fusion-builder-row-1 fusion-flex-container nonhundred-percent-fullwidth non-hundred-percent-height-scrolling\" style=\"--awb-border-radius-top-left:0px;--awb-border-radius-top-right:0px;--awb-border-radius-bottom-right:0px;--awb-border-radius-bottom-left:0px;--awb-flex-wrap:wrap;\" ><div class=\"fusion-builder-row fusion-row fusion-flex-align-items-flex-start fusion-flex-content-wrap\" style=\"max-width:1248px;margin-left: calc(-4% \/ 2 );margin-right: calc(-4% \/ 2 );\"><div class=\"fusion-layout-column fusion_builder_column fusion-builder-column-0 fusion_builder_column_1_2 1_2 fusion-flex-column\" style=\"--awb-bg-size:cover;--awb-width-large:50%;--awb-margin-top-large:0px;--awb-spacing-right-large:3.84%;--awb-margin-bottom-large:0px;--awb-spacing-left-large:3.84%;--awb-width-medium:100%;--awb-spacing-right-medium:1.92%;--awb-spacing-left-medium:1.92%;--awb-width-small:100%;--awb-spacing-right-small:1.92%;--awb-spacing-left-small:1.92%;\"><div class=\"fusion-column-wrapper fusion-flex-justify-content-flex-start fusion-content-layout-column\"><div class=\"fusion-text fusion-text-1\"><p><strong>Ab Januar 2021 bieten wir unsere CO2 Schulung als Online Webinar an. Termine ab sofort buchbar!<\/strong><\/p>\n<p>compact K\u00e4ltetechnik bietet weiterhin <strong>CO2 Schulungen<\/strong> an &#8211; auch wenn in der aktuellen Situation leider keine Pr\u00e4senzveranstaltungen im hauseigenen Schulungszentrum in Dresden durchgef\u00fchrt werden k\u00f6nnen.<\/p>\n<p>Ab Januar 2021 starten daf\u00fcr unsere interaktiven <strong>CO2 <\/strong><strong>Webinare<\/strong>. In den zwei modular aufgebauten Schulungstagen machen wir Sie umfassend mit der Anlagentechnik von CO2-K\u00e4ltesystemen vertraut. Aufbauend auf den theoretischen Grundlagen lernen Sie im praktischen Teil unsere subkritische Kaskade und den transkritischen Booster in unserem hauseigenen Schulungszentrum kennen \u2013 auch online!<\/p>\n<p>Jetzt Termin buchen und Platz sichern \u2013 Wir freuen uns auf Sie!<\/p>\n<\/div><div ><a class=\"fusion-button button-flat fusion-button-default-size button-default fusion-button-default button-1 fusion-button-default-span fusion-button-default-type\" target=\"_self\" href=\"https:\/\/www.compact-kaeltetechnik.de\/de\/events\/category\/schulungen\/?stream=1\"><span class=\"fusion-button-text awb-button__text awb-button__text--default\">Schulungstermine<\/span><\/a><\/div><div class=\"fusion-separator fusion-full-width-sep\" style=\"align-self: center;margin-left: auto;margin-right: auto;margin-top:10px;margin-bottom:20px;width:100%;\"><\/div><div class=\"fusion-text fusion-text-2\"><p>Vorab k\u00f6nnen wir sich bereits virtuell in unserer Schulungsanlage umsehen und sich mit der Funktion und Bauweise unserer subkritischen Kaskade und dem transkritischen Booster vertraut machen. Weitere Einblicke sowie viele praktische Erkl\u00e4rungen &amp; Tipps zu Bauteilen, Inbetriebnahme und K\u00e4ltemittelf\u00fcllung erhalten Sie auch in unserer Online Schulung direkt aus unserem Schulungszentrum.<\/p>\n<\/div><div ><a class=\"fusion-button button-flat fusion-button-default-size button-default fusion-button-default button-2 fusion-button-default-span fusion-button-default-type\" target=\"_self\" href=\"https:\/\/vr-easy.com\/tour\/sschoene\/200728-co2_schulung\/#pano=1\"><span class=\"fusion-button-text awb-button__text awb-button__text--default\">360\u00b0 Rundgang Schulungs- und Testbereich<\/span><\/a><\/div><\/div><\/div><div class=\"fusion-layout-column fusion_builder_column fusion-builder-column-1 fusion_builder_column_1_2 1_2 fusion-flex-column\" style=\"--awb-bg-size:cover;--awb-width-large:50%;--awb-margin-top-large:0px;--awb-spacing-right-large:3.84%;--awb-margin-bottom-large:2%;--awb-spacing-left-large:3.84%;--awb-width-medium:100%;--awb-order-medium:0;--awb-spacing-right-medium:1.92%;--awb-spacing-left-medium:1.92%;--awb-width-small:100%;--awb-order-small:0;--awb-spacing-right-small:1.92%;--awb-spacing-left-small:1.92%;\"><div class=\"fusion-column-wrapper fusion-column-has-shadow fusion-flex-justify-content-flex-start fusion-content-layout-column\"><div class=\"fusion-image-element \" style=\"--awb-caption-title-font-family:var(--h2_typography-font-family);--awb-caption-title-font-weight:var(--h2_typography-font-weight);--awb-caption-title-font-style:var(--h2_typography-font-style);--awb-caption-title-size:var(--h2_typography-font-size);--awb-caption-title-transform:var(--h2_typography-text-transform);--awb-caption-title-line-height:var(--h2_typography-line-height);--awb-caption-title-letter-spacing:var(--h2_typography-letter-spacing);\"><span class=\" fusion-imageframe imageframe-none imageframe-1 hover-type-none\"><img decoding=\"async\" width=\"800\" height=\"533\" title=\"online-co2 schulung\" src=\"https:\/\/www.compact-kaeltetechnik.de\/wp-content\/uploads\/2020\/11\/laptop-co2-schulung_1200x800.jpg\" data-orig-src=\"https:\/\/www.compact-kaeltetechnik.de\/wp-content\/uploads\/2020\/11\/laptop-co2-schulung_1200x800-800x533.jpg\" alt class=\"lazyload img-responsive wp-image-7248\" srcset=\"data:image\/svg+xml,%3Csvg%20xmlns%3D%27http%3A%2F%2Fwww.w3.org%2F2000%2Fsvg%27%20width%3D%271200%27%20height%3D%27800%27%20viewBox%3D%270%200%201200%20800%27%3E%3Crect%20width%3D%271200%27%20height%3D%27800%27%20fill-opacity%3D%220%22%2F%3E%3C%2Fsvg%3E\" data-srcset=\"https:\/\/www.compact-kaeltetechnik.de\/wp-content\/uploads\/2020\/11\/laptop-co2-schulung_1200x800-200x133.jpg 200w, https:\/\/www.compact-kaeltetechnik.de\/wp-content\/uploads\/2020\/11\/laptop-co2-schulung_1200x800-400x267.jpg 400w, https:\/\/www.compact-kaeltetechnik.de\/wp-content\/uploads\/2020\/11\/laptop-co2-schulung_1200x800-600x400.jpg 600w, https:\/\/www.compact-kaeltetechnik.de\/wp-content\/uploads\/2020\/11\/laptop-co2-schulung_1200x800-800x533.jpg 800w, https:\/\/www.compact-kaeltetechnik.de\/wp-content\/uploads\/2020\/11\/laptop-co2-schulung_1200x800.jpg 1200w\" data-sizes=\"auto\" data-orig-sizes=\"(max-width: 1300px) 100vw, (max-width: 640px) 100vw, 600px\" \/><\/span><\/div><\/div><\/div><\/div><\/div>\n","protected":false},"excerpt":{"rendered":"","protected":false},"author":13,"featured_media":7248,"comment_status":"closed","ping_status":"closed","sticky":false,"template":"","format":"standard","meta":{"footnotes":""},"categories":[15],"tags":[],"class_list":["post-7255","post","type-post","status-publish","format-standard","has-post-thumbnail","hentry","category-news"],"_links":{"self":[{"href":"https:\/\/www.compact-kaeltetechnik.de\/de\/wp-json\/wp\/v2\/posts\/7255","targetHints":{"allow":["GET"]}}],"collection":[{"href":"https:\/\/www.compact-kaeltetechnik.de\/de\/wp-json\/wp\/v2\/posts"}],"about":[{"href":"https:\/\/www.compact-kaeltetechnik.de\/de\/wp-json\/wp\/v2\/types\/post"}],"author":[{"embeddable":true,"href":"https:\/\/www.compact-kaeltetechnik.de\/de\/wp-json\/wp\/v2\/users\/13"}],"replies":[{"embeddable":true,"href":"https:\/\/www.compact-kaeltetechnik.de\/de\/wp-json\/wp\/v2\/comments?post=7255"}],"version-history":[{"count":6,"href":"https:\/\/www.compact-kaeltetechnik.de\/de\/wp-json\/wp\/v2\/posts\/7255\/revisions"}],"predecessor-version":[{"id":7334,"href":"https:\/\/www.compact-kaeltetechnik.de\/de\/wp-json\/wp\/v2\/posts\/7255\/revisions\/7334"}],"wp:featuredmedia":[{"embeddable":true,"href":"https:\/\/www.compact-kaeltetechnik.de\/de\/wp-json\/wp\/v2\/media\/7248"}],"wp:attachment":[{"href":"https:\/\/www.compact-kaeltetechnik.de\/de\/wp-json\/wp\/v2\/media?parent=7255"}],"wp:term":[{"taxonomy":"category","embeddable":true,"href":"https:\/\/www.compact-kaeltetechnik.de\/de\/wp-json\/wp\/v2\/categories?post=7255"},{"taxonomy":"post_tag","embeddable":true,"href":"https:\/\/www.compact-kaeltetechnik.de\/de\/wp-json\/wp\/v2\/tags?post=7255"}],"curies":[{"name":"wp","href":"https:\/\/api.w.org\/{rel}","templated":true}]}}