{"id":6853,"date":"2020-09-01T15:37:30","date_gmt":"2020-09-01T13:37:30","guid":{"rendered":"https:\/\/beta.compact-kaeltetechnik.de\/?p=6853"},"modified":"2020-09-01T15:37:30","modified_gmt":"2020-09-01T13:37:30","slug":"start-ausbildung-2020","status":"publish","type":"post","link":"https:\/\/www.compact-kaeltetechnik.de\/de\/news\/start-ausbildung-2020\/","title":{"rendered":"Nachwuchssicherung 2020"},"content":{"rendered":"<p>Wir begr\u00fc\u00dfen unsere f\u00fcnf neuen Azubis und w\u00fcnschen Ihnen alles Gute, viel Spa\u00df und Erfolg in ihrer Ausbildung zum\/zur Mechatroniker\/in f\u00fcr K\u00e4ltetechnik!<\/p>\n<p>In der 3,5-j\u00e4hrigen Ausbildung lernen sie bei uns im <a href=\"https:\/\/www.compact-kaeltetechnik.de\/de\/karriere\/ausbildung\/\">Unternehmen<\/a> die praktischen Aspekte der K\u00e4ltetechnik und des Anlagenbaus von der Pike auf kennen. In der <a href=\"http:\/\/www.bsz-reichenbach.de\/a_mechkaelte.html\">Berufsschule<\/a> in Reichenbach\/Vogtland werden sowohl Theorie als auch Praxis unterwiesen und dar\u00fcber hinaus vertiefen sie an der <a href=\"https:\/\/www.kaelteschule-sachsen.de\/\">S\u00e4chsischen K\u00e4ltefachschule<\/a> spannende <a href=\"https:\/\/www.kaelteschule-sachsen.de\/Inhalt_Ulu.pdf\">Aspekte<\/a> wie z.B. \u201eElektro- und Steuerungstechnik in K\u00e4lte- und Klimaanlagen\u201c oder \u201eUmwelt und \u00d6kologie in der K\u00e4lte- und Klimatechnik\u201c.<\/p>\n<p>Im dritten Lehrjahr haben alle Azubis die Chance an einem europ\u00e4ischen Austauschpraktikum in Toulouse teilzunehmen. Die Kosten f\u00fcr das monatliche Azubiticket und auch die Unterbringung w\u00e4hrend der Berufsschulzeit \u00fcbernehmen wir als Ausbildungsbetrieb.<\/p>\n<p>Auch f\u00fcr das Jahr 2021 suchen wir schon jetzt wieder motivierte und interessierte Auszubildende &#8211; denn wenn die Ausbildung gut bestanden ist, wollen wir sie gerne als feste Mitarbeiter in unser Team \u00fcbernehmen.<\/p>\n<p><a href=\"https:\/\/www.compact-kaeltetechnik.de\/de\/cooler-job\/\">Jetzt Bewerben!<\/a><\/p>\n","protected":false},"excerpt":{"rendered":"<p>Wir begr\u00fc\u00dfen unsere f\u00fcnf neuen Azubis und w\u00fcnschen Ihnen alles Gute, viel Spa\u00df und Erfolg in ihrer Ausbildung zum\/zur Mechatroniker\/in f\u00fcr K\u00e4ltetechnik! In der 3,5-j\u00e4hrigen Ausbildung lernen sie bei uns im Unternehmen die praktischen Aspekte der K\u00e4ltetechnik und des Anlagenbaus von der Pike auf kennen. In der Berufsschule in Reichenbach\/Vogtland werden sowohl Theorie als auch  [&#8230;]<\/p>\n","protected":false},"author":13,"featured_media":6854,"comment_status":"closed","ping_status":"closed","sticky":false,"template":"","format":"standard","meta":{"footnotes":""},"categories":[15],"tags":[179,178,251,212],"class_list":["post-6853","post","type-post","status-publish","format-standard","has-post-thumbnail","hentry","category-news","tag-ausbildung","tag-azubi","tag-mechatroniker","tag-mechatroniker-kaeltetechnik"],"_links":{"self":[{"href":"https:\/\/www.compact-kaeltetechnik.de\/de\/wp-json\/wp\/v2\/posts\/6853","targetHints":{"allow":["GET"]}}],"collection":[{"href":"https:\/\/www.compact-kaeltetechnik.de\/de\/wp-json\/wp\/v2\/posts"}],"about":[{"href":"https:\/\/www.compact-kaeltetechnik.de\/de\/wp-json\/wp\/v2\/types\/post"}],"author":[{"embeddable":true,"href":"https:\/\/www.compact-kaeltetechnik.de\/de\/wp-json\/wp\/v2\/users\/13"}],"replies":[{"embeddable":true,"href":"https:\/\/www.compact-kaeltetechnik.de\/de\/wp-json\/wp\/v2\/comments?post=6853"}],"version-history":[{"count":2,"href":"https:\/\/www.compact-kaeltetechnik.de\/de\/wp-json\/wp\/v2\/posts\/6853\/revisions"}],"predecessor-version":[{"id":10772,"href":"https:\/\/www.compact-kaeltetechnik.de\/de\/wp-json\/wp\/v2\/posts\/6853\/revisions\/10772"}],"wp:featuredmedia":[{"embeddable":true,"href":"https:\/\/www.compact-kaeltetechnik.de\/de\/wp-json\/wp\/v2\/media\/6854"}],"wp:attachment":[{"href":"https:\/\/www.compact-kaeltetechnik.de\/de\/wp-json\/wp\/v2\/media?parent=6853"}],"wp:term":[{"taxonomy":"category","embeddable":true,"href":"https:\/\/www.compact-kaeltetechnik.de\/de\/wp-json\/wp\/v2\/categories?post=6853"},{"taxonomy":"post_tag","embeddable":true,"href":"https:\/\/www.compact-kaeltetechnik.de\/de\/wp-json\/wp\/v2\/tags?post=6853"}],"curies":[{"name":"wp","href":"https:\/\/api.w.org\/{rel}","templated":true}]}}