{"id":5653,"date":"2019-11-25T11:36:42","date_gmt":"2019-11-25T10:36:42","guid":{"rendered":"https:\/\/beta.compact-kaeltetechnik.de\/?p=5653"},"modified":"2020-08-26T12:40:31","modified_gmt":"2020-08-26T10:40:31","slug":"einladung-cold-news-2020","status":"publish","type":"post","link":"https:\/\/www.compact-kaeltetechnik.de\/de\/news\/einladung-cold-news-2020\/","title":{"rendered":"Einladung COLD NEWS II"},"content":{"rendered":"\r\n<p>Wir laden Sie herzlich zur zweiten Auflage von COLD NEWS ein &#8211; Die Veranstaltungsreihe direkt beim Hersteller.\u00a0<\/p>\r\n<p>W\u00e4hlen Sie Ihren Termin aus einem von vier Schulungsnachmittagen aus und erfahren Sie Aktuelles \u00fcber die Komponenten, Herstellung und F\u00f6rderung von K\u00e4lteanlagen. Au\u00dferdem stehen die Entwicklungen der Branche und Neuigkeiten aus den teilnehmenden Unternehmen &#8211; jeweils mit exklusivem Firmenrundgang &#8211; im Mittelpunkt. Im Anschluss besteht die M\u00f6glichkeit f\u00fcr einen Austausch und individuelle Gespr\u00e4che.<\/p>\r\n<p>Alle Informationen und Vortragsinhalten finden Sie in unserem Flyer: <a href=\"https:\/\/ma.compact-kaeltetechnik.de\/asset\/57:einladung-cold-news-ii\" target=\"_blank\" rel=\"noopener noreferrer\">Download Einladung<\/a><\/p>\r\n<p><a href=\"https:\/\/www.compact-kaeltetechnik.de\/de\/anmeldung-cold-news-2020\/\" target=\"_blank\" rel=\"noopener noreferrer\">HIER ANMELDEN<\/a><\/p>\r\n<p>&nbsp;<\/p>\r\n<p><img decoding=\"async\" class=\"lazyload alignnone  wp-image-5638\" src=\"https:\/\/www.compact-kaeltetechnik.de\/wp-content\/uploads\/2019\/11\/Social-Media_Einladung-Cold-News-400x267.jpg\" data-orig-src=\"https:\/\/www.compact-kaeltetechnik.de\/wp-content\/uploads\/2019\/11\/Social-Media_Einladung-Cold-News-400x267.jpg\" alt=\"\" width=\"485\" height=\"324\" srcset=\"data:image\/svg+xml,%3Csvg%20xmlns%3D%27http%3A%2F%2Fwww.w3.org%2F2000%2Fsvg%27%20width%3D%27485%27%20height%3D%27324%27%20viewBox%3D%270%200%20485%20324%27%3E%3Crect%20width%3D%27485%27%20height%3D%27324%27%20fill-opacity%3D%220%22%2F%3E%3C%2Fsvg%3E\" data-srcset=\"https:\/\/www.compact-kaeltetechnik.de\/wp-content\/uploads\/2019\/11\/Social-Media_Einladung-Cold-News-200x133.jpg 200w, https:\/\/www.compact-kaeltetechnik.de\/wp-content\/uploads\/2019\/11\/Social-Media_Einladung-Cold-News-300x200.jpg 300w, https:\/\/www.compact-kaeltetechnik.de\/wp-content\/uploads\/2019\/11\/Social-Media_Einladung-Cold-News-400x267.jpg 400w, https:\/\/www.compact-kaeltetechnik.de\/wp-content\/uploads\/2019\/11\/Social-Media_Einladung-Cold-News-600x400.jpg 600w, https:\/\/www.compact-kaeltetechnik.de\/wp-content\/uploads\/2019\/11\/Social-Media_Einladung-Cold-News-768x512.jpg 768w, https:\/\/www.compact-kaeltetechnik.de\/wp-content\/uploads\/2019\/11\/Social-Media_Einladung-Cold-News-800x533.jpg 800w, https:\/\/www.compact-kaeltetechnik.de\/wp-content\/uploads\/2019\/11\/Social-Media_Einladung-Cold-News-1024x683.jpg 1024w, https:\/\/www.compact-kaeltetechnik.de\/wp-content\/uploads\/2019\/11\/Social-Media_Einladung-Cold-News.jpg 1200w\" data-sizes=\"auto\" data-orig-sizes=\"(max-width: 485px) 100vw, 485px\" \/><\/p>\r\n<p>&nbsp;<\/p>\r\n<p>&nbsp;<\/p>\r\n\r\n\r\n\r\n<p class=\"wp-block-gallery-1 is-layout-flex wp-block-gallery-is-layout-flex\">&nbsp;<\/p>\r\n[\/fusion_builder_column][\/fusion_builder_row][\/fusion_builder_container]","protected":false},"excerpt":{"rendered":"<p>Wir laden Sie herzlich zur zweiten Auflage von COLD NEWS ein &#8211; Die Veranstaltungsreihe direkt beim Hersteller.\u00a0 W\u00e4hlen Sie Ihren Termin aus einem von vier Schulungsnachmittagen aus und erfahren Sie Aktuelles \u00fcber die Komponenten, Herstellung und F\u00f6rderung von K\u00e4lteanlagen. Au\u00dferdem stehen die Entwicklungen der Branche und Neuigkeiten aus den teilnehmenden Unternehmen &#8211; jeweils mit exklusivem  [&#8230;]<\/p>\n","protected":false},"author":13,"featured_media":5638,"comment_status":"closed","ping_status":"closed","sticky":false,"template":"","format":"standard","meta":{"footnotes":""},"categories":[15],"tags":[202,206,201,199,208],"class_list":["post-5653","post","type-post","status-publish","format-standard","has-post-thumbnail","hentry","category-news","tag-co2","tag-cold-news","tag-r744","tag-schulung","tag-veranstaltungsreihe"],"_links":{"self":[{"href":"https:\/\/www.compact-kaeltetechnik.de\/de\/wp-json\/wp\/v2\/posts\/5653","targetHints":{"allow":["GET"]}}],"collection":[{"href":"https:\/\/www.compact-kaeltetechnik.de\/de\/wp-json\/wp\/v2\/posts"}],"about":[{"href":"https:\/\/www.compact-kaeltetechnik.de\/de\/wp-json\/wp\/v2\/types\/post"}],"author":[{"embeddable":true,"href":"https:\/\/www.compact-kaeltetechnik.de\/de\/wp-json\/wp\/v2\/users\/13"}],"replies":[{"embeddable":true,"href":"https:\/\/www.compact-kaeltetechnik.de\/de\/wp-json\/wp\/v2\/comments?post=5653"}],"version-history":[{"count":9,"href":"https:\/\/www.compact-kaeltetechnik.de\/de\/wp-json\/wp\/v2\/posts\/5653\/revisions"}],"predecessor-version":[{"id":6816,"href":"https:\/\/www.compact-kaeltetechnik.de\/de\/wp-json\/wp\/v2\/posts\/5653\/revisions\/6816"}],"wp:featuredmedia":[{"embeddable":true,"href":"https:\/\/www.compact-kaeltetechnik.de\/de\/wp-json\/wp\/v2\/media\/5638"}],"wp:attachment":[{"href":"https:\/\/www.compact-kaeltetechnik.de\/de\/wp-json\/wp\/v2\/media?parent=5653"}],"wp:term":[{"taxonomy":"category","embeddable":true,"href":"https:\/\/www.compact-kaeltetechnik.de\/de\/wp-json\/wp\/v2\/categories?post=5653"},{"taxonomy":"post_tag","embeddable":true,"href":"https:\/\/www.compact-kaeltetechnik.de\/de\/wp-json\/wp\/v2\/tags?post=5653"}],"curies":[{"name":"wp","href":"https:\/\/api.w.org\/{rel}","templated":true}]}}