{"id":5261,"date":"2019-09-26T08:40:29","date_gmt":"2019-09-26T06:40:29","guid":{"rendered":"https:\/\/beta.compact-kaeltetechnik.de\/?p=5261"},"modified":"2020-08-26T12:40:36","modified_gmt":"2020-08-26T10:40:36","slug":"passion-for-nature","status":"publish","type":"post","link":"https:\/\/www.compact-kaeltetechnik.de\/de\/news\/passion-for-nature\/","title":{"rendered":"PASSION FOR NATURE &#8211; Baumpflanzungen als CO2 Ausgleich"},"content":{"rendered":"<p><b>compact K\u00e4ltetechnik setzt sich f\u00fcr Baumpflanzungen als CO2 Ausgleich ein<\/b><\/p>\n<p>Umweltfreundlich, Nachhaltig, Klimaneutral \u2013 Themen die sp\u00e4testens seit der Einf\u00fchrung der F-Gase Verordnung auch die K\u00e4ltebranche besch\u00e4ftigen.<\/p>\n<p>Als Hersteller von K\u00e4lteanlagen und -systemen haben wir uns in den vergangenen Jahren zunehmend auf die Entwicklung von zukunftsorientierten und nachhaltigen L\u00f6sungen fokussiert. Nicht nur unsere Zahlen zeigen, dass immer mehr K\u00e4lteanlagen mit nat\u00fcrlichen K\u00e4ltemitteln gebaut werden, um Treibhausgase und -emissionen so gering wie m\u00f6glich zu halten. Doch noch nicht f\u00fcr alle Anwendungsbereiche gibt es fl\u00e4chendeckende Alternativen. Um uns auch au\u00dferhalb unserer Branche f\u00fcr eine gute CO2-Bilanz einzusetzen, haben wir in diesem Jahr ein Herzensprojekt ins Leben gerufen:<\/p>\n<p>Wir unterst\u00fctzen die Stadt Dresden mit einer Spende \u00fcber 2500\u20ac in den FONDS STADTGR\u00dcN f\u00fcr die Pflanzung von B\u00e4umen in Park- und Gr\u00fcnanlagen und setzen uns damit f\u00fcr den Erhalt, die Pflege und Mehrung des Baumbestands in unserer Region ein. Von dem gespendeten Betrag werden im Herbst dieses Jahres neue B\u00e4ume im denkmalgesch\u00fctzten Leutewitzer Park in Dresden gepflanzt. B\u00e4ume pr\u00e4gen einerseits unser Stadtbild, andererseits produzieren sie Sauerstoff, spenden Schatten, sind Nahrungsquelle f\u00fcr V\u00f6gel, Insekten und Kleinlebeweisen und tragen dadurch ma\u00dfgeblich dazu bei, dass Dresden eine gr\u00fcne Stadt mit hoher Lebensqualit\u00e4t ist.<\/p>\n<p>Auch im n\u00e4chsten Jahr werden wir dieses Projekt fortsetzen und unserer Umwelt und dem gemeinsamen Lebensraum etwas Gutes tun.<\/p>\n<p><img decoding=\"async\" class=\"lazyload alignnone wp-image-5270\" src=\"https:\/\/www.compact-kaeltetechnik.de\/wp-content\/uploads\/2019\/09\/AdobeStock_231928030_klein-400x117.jpg\" data-orig-src=\"https:\/\/www.compact-kaeltetechnik.de\/wp-content\/uploads\/2019\/09\/AdobeStock_231928030_klein-400x117.jpg\" alt=\"\" width=\"639\" height=\"187\" srcset=\"data:image\/svg+xml,%3Csvg%20xmlns%3D%27http%3A%2F%2Fwww.w3.org%2F2000%2Fsvg%27%20width%3D%27639%27%20height%3D%27187%27%20viewBox%3D%270%200%20639%20187%27%3E%3Crect%20width%3D%27639%27%20height%3D%27187%27%20fill-opacity%3D%220%22%2F%3E%3C%2Fsvg%3E\" data-srcset=\"https:\/\/www.compact-kaeltetechnik.de\/wp-content\/uploads\/2019\/09\/AdobeStock_231928030_klein-200x58.jpg 200w, https:\/\/www.compact-kaeltetechnik.de\/wp-content\/uploads\/2019\/09\/AdobeStock_231928030_klein-300x88.jpg 300w, https:\/\/www.compact-kaeltetechnik.de\/wp-content\/uploads\/2019\/09\/AdobeStock_231928030_klein-400x117.jpg 400w, https:\/\/www.compact-kaeltetechnik.de\/wp-content\/uploads\/2019\/09\/AdobeStock_231928030_klein-600x175.jpg 600w, https:\/\/www.compact-kaeltetechnik.de\/wp-content\/uploads\/2019\/09\/AdobeStock_231928030_klein-768x224.jpg 768w, https:\/\/www.compact-kaeltetechnik.de\/wp-content\/uploads\/2019\/09\/AdobeStock_231928030_klein-800x234.jpg 800w, https:\/\/www.compact-kaeltetechnik.de\/wp-content\/uploads\/2019\/09\/AdobeStock_231928030_klein-1024x299.jpg 1024w, https:\/\/www.compact-kaeltetechnik.de\/wp-content\/uploads\/2019\/09\/AdobeStock_231928030_klein-1200x350.jpg 1200w\" data-sizes=\"auto\" data-orig-sizes=\"(max-width: 639px) 100vw, 639px\" \/><\/p>\n","protected":false},"excerpt":{"rendered":"<p>compact K\u00e4ltetechnik setzt sich f\u00fcr Baumpflanzungen als CO2 Ausgleich ein Umweltfreundlich, Nachhaltig, Klimaneutral \u2013 Themen die sp\u00e4testens seit der Einf\u00fchrung der F-Gase Verordnung auch die K\u00e4ltebranche besch\u00e4ftigen. Als Hersteller von K\u00e4lteanlagen und -systemen haben wir uns in den vergangenen Jahren zunehmend auf die Entwicklung von zukunftsorientierten und nachhaltigen L\u00f6sungen fokussiert. Nicht nur unsere Zahlen zeigen,  [&#8230;]<\/p>\n","protected":false},"author":13,"featured_media":5262,"comment_status":"open","ping_status":"closed","sticky":false,"template":"","format":"standard","meta":{"footnotes":""},"categories":[15],"tags":[225,227,202,230,229,226,228,231],"class_list":["post-5261","post","type-post","status-publish","format-standard","has-post-thumbnail","hentry","category-news","tag-baeume","tag-baumpflanzungen","tag-co2","tag-dresden","tag-green-world","tag-natur","tag-passion-for-nature","tag-spende"],"_links":{"self":[{"href":"https:\/\/www.compact-kaeltetechnik.de\/de\/wp-json\/wp\/v2\/posts\/5261","targetHints":{"allow":["GET"]}}],"collection":[{"href":"https:\/\/www.compact-kaeltetechnik.de\/de\/wp-json\/wp\/v2\/posts"}],"about":[{"href":"https:\/\/www.compact-kaeltetechnik.de\/de\/wp-json\/wp\/v2\/types\/post"}],"author":[{"embeddable":true,"href":"https:\/\/www.compact-kaeltetechnik.de\/de\/wp-json\/wp\/v2\/users\/13"}],"replies":[{"embeddable":true,"href":"https:\/\/www.compact-kaeltetechnik.de\/de\/wp-json\/wp\/v2\/comments?post=5261"}],"version-history":[{"count":3,"href":"https:\/\/www.compact-kaeltetechnik.de\/de\/wp-json\/wp\/v2\/posts\/5261\/revisions"}],"predecessor-version":[{"id":5273,"href":"https:\/\/www.compact-kaeltetechnik.de\/de\/wp-json\/wp\/v2\/posts\/5261\/revisions\/5273"}],"wp:featuredmedia":[{"embeddable":true,"href":"https:\/\/www.compact-kaeltetechnik.de\/de\/wp-json\/wp\/v2\/media\/5262"}],"wp:attachment":[{"href":"https:\/\/www.compact-kaeltetechnik.de\/de\/wp-json\/wp\/v2\/media?parent=5261"}],"wp:term":[{"taxonomy":"category","embeddable":true,"href":"https:\/\/www.compact-kaeltetechnik.de\/de\/wp-json\/wp\/v2\/categories?post=5261"},{"taxonomy":"post_tag","embeddable":true,"href":"https:\/\/www.compact-kaeltetechnik.de\/de\/wp-json\/wp\/v2\/tags?post=5261"}],"curies":[{"name":"wp","href":"https:\/\/api.w.org\/{rel}","templated":true}]}}