{"id":4151,"date":"2019-01-29T10:58:14","date_gmt":"2019-01-29T09:58:14","guid":{"rendered":"https:\/\/beta.compact-kaeltetechnik.de\/?p=4151"},"modified":"2020-08-26T12:40:37","modified_gmt":"2020-08-26T10:40:37","slug":"co2-schulung-meister-techniker","status":"publish","type":"post","link":"https:\/\/www.compact-kaeltetechnik.de\/de\/news\/co2-schulung-meister-techniker\/","title":{"rendered":"CO2 Schulung f\u00fcr zuk\u00fcnftige Meister und Techniker"},"content":{"rendered":"<p>Im Dezember 2018 haben wir insgesamt 50 Teilnehmer der Fachschule f\u00fcr Technik Glauchau und der Bundesfachschule K\u00e4lte-Klima-Technik Harztor zur CO2 Schulung in unserem Haus empfangen. Die zuk\u00fcnftigen Techniker und Meister bekamen an zwei Terminen\u00a0praxisnahe Einblicke in die Grundlagen und Theorien im sub- und transkritischen CO2 Bereich. Au\u00dferdem konnten Sie die Praxis in unserem Schulungsbereich mit dem R744 Boostersystem hautnah erleben.<\/p>\n<p>Weitere 25 Teilnehmer des Meisterlehrgangs wurden im Januar 2019 an der Bundesfachschule K\u00e4lte-Klima-Technik in Leonberg mit den theoretischen Kenntnissen des sub- und transkritischen CO2 Bereichs vertraut gemacht.<\/p>\n<p>Wir w\u00fcnschen allen Teilnehmern weiterhin viel Erfolg!<\/p>\n<p>&nbsp;<\/p>\n<p>&nbsp;<\/p>\n<p><img decoding=\"async\" class=\"lazyload alignnone size-400 wp-image-4158\" src=\"https:\/\/www.compact-kaeltetechnik.de\/wp-content\/uploads\/2019\/01\/IMG_7571-400x300.jpg\" data-orig-src=\"https:\/\/www.compact-kaeltetechnik.de\/wp-content\/uploads\/2019\/01\/IMG_7571-400x300.jpg\" alt=\"\" width=\"400\" height=\"300\" srcset=\"data:image\/svg+xml,%3Csvg%20xmlns%3D%27http%3A%2F%2Fwww.w3.org%2F2000%2Fsvg%27%20width%3D%27400%27%20height%3D%27300%27%20viewBox%3D%270%200%20400%20300%27%3E%3Crect%20width%3D%27400%27%20height%3D%27300%27%20fill-opacity%3D%220%22%2F%3E%3C%2Fsvg%3E\" data-srcset=\"https:\/\/www.compact-kaeltetechnik.de\/wp-content\/uploads\/2019\/01\/IMG_7571-200x150.jpg 200w, https:\/\/www.compact-kaeltetechnik.de\/wp-content\/uploads\/2019\/01\/IMG_7571-300x225.jpg 300w, https:\/\/www.compact-kaeltetechnik.de\/wp-content\/uploads\/2019\/01\/IMG_7571-400x300.jpg 400w, https:\/\/www.compact-kaeltetechnik.de\/wp-content\/uploads\/2019\/01\/IMG_7571-600x450.jpg 600w, https:\/\/www.compact-kaeltetechnik.de\/wp-content\/uploads\/2019\/01\/IMG_7571-768x576.jpg 768w, https:\/\/www.compact-kaeltetechnik.de\/wp-content\/uploads\/2019\/01\/IMG_7571-800x600.jpg 800w, https:\/\/www.compact-kaeltetechnik.de\/wp-content\/uploads\/2019\/01\/IMG_7571-1024x768.jpg 1024w, https:\/\/www.compact-kaeltetechnik.de\/wp-content\/uploads\/2019\/01\/IMG_7571-1200x900.jpg 1200w\" data-sizes=\"auto\" data-orig-sizes=\"(max-width: 400px) 100vw, 400px\" \/>\u00a0 \u00a0<img decoding=\"async\" class=\"lazyload alignnone size-400 wp-image-4156\" src=\"https:\/\/www.compact-kaeltetechnik.de\/wp-content\/uploads\/2019\/01\/IMG_7570-400x300.jpg\" data-orig-src=\"https:\/\/www.compact-kaeltetechnik.de\/wp-content\/uploads\/2019\/01\/IMG_7570-400x300.jpg\" alt=\"\" width=\"400\" height=\"300\" srcset=\"data:image\/svg+xml,%3Csvg%20xmlns%3D%27http%3A%2F%2Fwww.w3.org%2F2000%2Fsvg%27%20width%3D%27400%27%20height%3D%27300%27%20viewBox%3D%270%200%20400%20300%27%3E%3Crect%20width%3D%27400%27%20height%3D%27300%27%20fill-opacity%3D%220%22%2F%3E%3C%2Fsvg%3E\" data-srcset=\"https:\/\/www.compact-kaeltetechnik.de\/wp-content\/uploads\/2019\/01\/IMG_7570-200x150.jpg 200w, https:\/\/www.compact-kaeltetechnik.de\/wp-content\/uploads\/2019\/01\/IMG_7570-300x225.jpg 300w, https:\/\/www.compact-kaeltetechnik.de\/wp-content\/uploads\/2019\/01\/IMG_7570-400x300.jpg 400w, https:\/\/www.compact-kaeltetechnik.de\/wp-content\/uploads\/2019\/01\/IMG_7570-600x450.jpg 600w, https:\/\/www.compact-kaeltetechnik.de\/wp-content\/uploads\/2019\/01\/IMG_7570-768x576.jpg 768w, https:\/\/www.compact-kaeltetechnik.de\/wp-content\/uploads\/2019\/01\/IMG_7570-800x600.jpg 800w, https:\/\/www.compact-kaeltetechnik.de\/wp-content\/uploads\/2019\/01\/IMG_7570-1024x768.jpg 1024w, https:\/\/www.compact-kaeltetechnik.de\/wp-content\/uploads\/2019\/01\/IMG_7570-1200x900.jpg 1200w\" data-sizes=\"auto\" data-orig-sizes=\"(max-width: 400px) 100vw, 400px\" \/><\/p>\n<p><img decoding=\"async\" class=\"lazyload alignnone size-400 wp-image-4154\" src=\"https:\/\/www.compact-kaeltetechnik.de\/wp-content\/uploads\/2019\/01\/IMG_7559-400x300.jpg\" data-orig-src=\"https:\/\/www.compact-kaeltetechnik.de\/wp-content\/uploads\/2019\/01\/IMG_7559-400x300.jpg\" alt=\"\" width=\"400\" height=\"300\" srcset=\"data:image\/svg+xml,%3Csvg%20xmlns%3D%27http%3A%2F%2Fwww.w3.org%2F2000%2Fsvg%27%20width%3D%27400%27%20height%3D%27300%27%20viewBox%3D%270%200%20400%20300%27%3E%3Crect%20width%3D%27400%27%20height%3D%27300%27%20fill-opacity%3D%220%22%2F%3E%3C%2Fsvg%3E\" data-srcset=\"https:\/\/www.compact-kaeltetechnik.de\/wp-content\/uploads\/2019\/01\/IMG_7559-200x150.jpg 200w, https:\/\/www.compact-kaeltetechnik.de\/wp-content\/uploads\/2019\/01\/IMG_7559-300x225.jpg 300w, https:\/\/www.compact-kaeltetechnik.de\/wp-content\/uploads\/2019\/01\/IMG_7559-400x300.jpg 400w, https:\/\/www.compact-kaeltetechnik.de\/wp-content\/uploads\/2019\/01\/IMG_7559-600x450.jpg 600w, https:\/\/www.compact-kaeltetechnik.de\/wp-content\/uploads\/2019\/01\/IMG_7559-768x576.jpg 768w, https:\/\/www.compact-kaeltetechnik.de\/wp-content\/uploads\/2019\/01\/IMG_7559-800x600.jpg 800w, https:\/\/www.compact-kaeltetechnik.de\/wp-content\/uploads\/2019\/01\/IMG_7559-1024x768.jpg 1024w, https:\/\/www.compact-kaeltetechnik.de\/wp-content\/uploads\/2019\/01\/IMG_7559-1200x900.jpg 1200w\" data-sizes=\"auto\" data-orig-sizes=\"(max-width: 400px) 100vw, 400px\" \/>\u00a0 \u00a0<img decoding=\"async\" class=\"lazyload alignnone size-400 wp-image-4160\" src=\"https:\/\/www.compact-kaeltetechnik.de\/wp-content\/uploads\/2019\/01\/IMG_7561-400x300.jpg\" data-orig-src=\"https:\/\/www.compact-kaeltetechnik.de\/wp-content\/uploads\/2019\/01\/IMG_7561-400x300.jpg\" alt=\"\" width=\"400\" height=\"300\" srcset=\"data:image\/svg+xml,%3Csvg%20xmlns%3D%27http%3A%2F%2Fwww.w3.org%2F2000%2Fsvg%27%20width%3D%27400%27%20height%3D%27300%27%20viewBox%3D%270%200%20400%20300%27%3E%3Crect%20width%3D%27400%27%20height%3D%27300%27%20fill-opacity%3D%220%22%2F%3E%3C%2Fsvg%3E\" data-srcset=\"https:\/\/www.compact-kaeltetechnik.de\/wp-content\/uploads\/2019\/01\/IMG_7561-200x150.jpg 200w, https:\/\/www.compact-kaeltetechnik.de\/wp-content\/uploads\/2019\/01\/IMG_7561-300x225.jpg 300w, https:\/\/www.compact-kaeltetechnik.de\/wp-content\/uploads\/2019\/01\/IMG_7561-400x300.jpg 400w, https:\/\/www.compact-kaeltetechnik.de\/wp-content\/uploads\/2019\/01\/IMG_7561-600x450.jpg 600w, https:\/\/www.compact-kaeltetechnik.de\/wp-content\/uploads\/2019\/01\/IMG_7561-768x576.jpg 768w, https:\/\/www.compact-kaeltetechnik.de\/wp-content\/uploads\/2019\/01\/IMG_7561-800x600.jpg 800w, https:\/\/www.compact-kaeltetechnik.de\/wp-content\/uploads\/2019\/01\/IMG_7561-1024x768.jpg 1024w, https:\/\/www.compact-kaeltetechnik.de\/wp-content\/uploads\/2019\/01\/IMG_7561-1200x900.jpg 1200w\" data-sizes=\"auto\" data-orig-sizes=\"(max-width: 400px) 100vw, 400px\" \/><\/p>\n<p><img decoding=\"async\" class=\"lazyload alignnone size-400 wp-image-4152\" src=\"https:\/\/www.compact-kaeltetechnik.de\/wp-content\/uploads\/2019\/01\/IMG_7564-400x300.jpg\" data-orig-src=\"https:\/\/www.compact-kaeltetechnik.de\/wp-content\/uploads\/2019\/01\/IMG_7564-400x300.jpg\" alt=\"\" width=\"400\" height=\"300\" srcset=\"data:image\/svg+xml,%3Csvg%20xmlns%3D%27http%3A%2F%2Fwww.w3.org%2F2000%2Fsvg%27%20width%3D%27400%27%20height%3D%27300%27%20viewBox%3D%270%200%20400%20300%27%3E%3Crect%20width%3D%27400%27%20height%3D%27300%27%20fill-opacity%3D%220%22%2F%3E%3C%2Fsvg%3E\" data-srcset=\"https:\/\/www.compact-kaeltetechnik.de\/wp-content\/uploads\/2019\/01\/IMG_7564-200x150.jpg 200w, https:\/\/www.compact-kaeltetechnik.de\/wp-content\/uploads\/2019\/01\/IMG_7564-300x225.jpg 300w, https:\/\/www.compact-kaeltetechnik.de\/wp-content\/uploads\/2019\/01\/IMG_7564-400x300.jpg 400w, https:\/\/www.compact-kaeltetechnik.de\/wp-content\/uploads\/2019\/01\/IMG_7564-600x450.jpg 600w, https:\/\/www.compact-kaeltetechnik.de\/wp-content\/uploads\/2019\/01\/IMG_7564-768x576.jpg 768w, https:\/\/www.compact-kaeltetechnik.de\/wp-content\/uploads\/2019\/01\/IMG_7564-800x600.jpg 800w, https:\/\/www.compact-kaeltetechnik.de\/wp-content\/uploads\/2019\/01\/IMG_7564-1024x768.jpg 1024w, https:\/\/www.compact-kaeltetechnik.de\/wp-content\/uploads\/2019\/01\/IMG_7564-1200x900.jpg 1200w, https:\/\/www.compact-kaeltetechnik.de\/wp-content\/uploads\/2019\/01\/IMG_7564.jpg 1800w\" data-sizes=\"auto\" data-orig-sizes=\"(max-width: 400px) 100vw, 400px\" \/>\u00a0 \u00a0<img decoding=\"async\" class=\"lazyload alignnone size-400 wp-image-4162\" src=\"https:\/\/www.compact-kaeltetechnik.de\/wp-content\/uploads\/2019\/01\/IMG_7566-400x300.jpg\" data-orig-src=\"https:\/\/www.compact-kaeltetechnik.de\/wp-content\/uploads\/2019\/01\/IMG_7566-400x300.jpg\" alt=\"\" width=\"400\" height=\"300\" srcset=\"data:image\/svg+xml,%3Csvg%20xmlns%3D%27http%3A%2F%2Fwww.w3.org%2F2000%2Fsvg%27%20width%3D%27400%27%20height%3D%27300%27%20viewBox%3D%270%200%20400%20300%27%3E%3Crect%20width%3D%27400%27%20height%3D%27300%27%20fill-opacity%3D%220%22%2F%3E%3C%2Fsvg%3E\" data-srcset=\"https:\/\/www.compact-kaeltetechnik.de\/wp-content\/uploads\/2019\/01\/IMG_7566-200x150.jpg 200w, https:\/\/www.compact-kaeltetechnik.de\/wp-content\/uploads\/2019\/01\/IMG_7566-300x225.jpg 300w, https:\/\/www.compact-kaeltetechnik.de\/wp-content\/uploads\/2019\/01\/IMG_7566-400x300.jpg 400w, https:\/\/www.compact-kaeltetechnik.de\/wp-content\/uploads\/2019\/01\/IMG_7566-600x450.jpg 600w, https:\/\/www.compact-kaeltetechnik.de\/wp-content\/uploads\/2019\/01\/IMG_7566-768x576.jpg 768w, https:\/\/www.compact-kaeltetechnik.de\/wp-content\/uploads\/2019\/01\/IMG_7566-800x600.jpg 800w, https:\/\/www.compact-kaeltetechnik.de\/wp-content\/uploads\/2019\/01\/IMG_7566-1024x768.jpg 1024w, https:\/\/www.compact-kaeltetechnik.de\/wp-content\/uploads\/2019\/01\/IMG_7566-1200x900.jpg 1200w\" data-sizes=\"auto\" data-orig-sizes=\"(max-width: 400px) 100vw, 400px\" \/><\/p>\n","protected":false},"excerpt":{"rendered":"<p>Im Dezember 2018 haben wir insgesamt 50 Teilnehmer der Fachschule f\u00fcr Technik Glauchau und der Bundesfachschule K\u00e4lte-Klima-Technik Harztor zur CO2 Schulung in unserem Haus empfangen. Die zuk\u00fcnftigen Techniker und Meister bekamen an zwei Terminen\u00a0praxisnahe Einblicke in die Grundlagen und Theorien im sub- und transkritischen CO2 Bereich. Au\u00dferdem konnten Sie die Praxis in unserem Schulungsbereich mit  [&#8230;]<\/p>\n","protected":false},"author":13,"featured_media":4171,"comment_status":"open","ping_status":"closed","sticky":false,"template":"","format":"standard","meta":{"footnotes":""},"categories":[15],"tags":[],"class_list":["post-4151","post","type-post","status-publish","format-standard","has-post-thumbnail","hentry","category-news"],"_links":{"self":[{"href":"https:\/\/www.compact-kaeltetechnik.de\/de\/wp-json\/wp\/v2\/posts\/4151","targetHints":{"allow":["GET"]}}],"collection":[{"href":"https:\/\/www.compact-kaeltetechnik.de\/de\/wp-json\/wp\/v2\/posts"}],"about":[{"href":"https:\/\/www.compact-kaeltetechnik.de\/de\/wp-json\/wp\/v2\/types\/post"}],"author":[{"embeddable":true,"href":"https:\/\/www.compact-kaeltetechnik.de\/de\/wp-json\/wp\/v2\/users\/13"}],"replies":[{"embeddable":true,"href":"https:\/\/www.compact-kaeltetechnik.de\/de\/wp-json\/wp\/v2\/comments?post=4151"}],"version-history":[{"count":4,"href":"https:\/\/www.compact-kaeltetechnik.de\/de\/wp-json\/wp\/v2\/posts\/4151\/revisions"}],"predecessor-version":[{"id":4170,"href":"https:\/\/www.compact-kaeltetechnik.de\/de\/wp-json\/wp\/v2\/posts\/4151\/revisions\/4170"}],"wp:featuredmedia":[{"embeddable":true,"href":"https:\/\/www.compact-kaeltetechnik.de\/de\/wp-json\/wp\/v2\/media\/4171"}],"wp:attachment":[{"href":"https:\/\/www.compact-kaeltetechnik.de\/de\/wp-json\/wp\/v2\/media?parent=4151"}],"wp:term":[{"taxonomy":"category","embeddable":true,"href":"https:\/\/www.compact-kaeltetechnik.de\/de\/wp-json\/wp\/v2\/categories?post=4151"},{"taxonomy":"post_tag","embeddable":true,"href":"https:\/\/www.compact-kaeltetechnik.de\/de\/wp-json\/wp\/v2\/tags?post=4151"}],"curies":[{"name":"wp","href":"https:\/\/api.w.org\/{rel}","templated":true}]}}