{"id":26752,"date":"2026-03-19T09:19:20","date_gmt":"2026-03-19T08:19:20","guid":{"rendered":"https:\/\/www.compact-kaeltetechnik.de\/?p=26752"},"modified":"2026-03-19T09:27:59","modified_gmt":"2026-03-19T08:27:59","slug":"euroshop-2026-review","status":"publish","type":"post","link":"https:\/\/www.compact-kaeltetechnik.de\/de\/news\/euroshop-2026-review\/","title":{"rendered":"R\u00fcckblick auf die EuroShop 2026"},"content":{"rendered":"<div class=\"fusion-fullwidth fullwidth-box fusion-builder-row-1 fusion-flex-container nonhundred-percent-fullwidth non-hundred-percent-height-scrolling\" style=\"--awb-border-radius-top-left:0px;--awb-border-radius-top-right:0px;--awb-border-radius-bottom-right:0px;--awb-border-radius-bottom-left:0px;--awb-padding-top:0px;--awb-flex-wrap:wrap;\" ><div class=\"fusion-builder-row fusion-row fusion-flex-align-items-flex-start fusion-flex-content-wrap\" style=\"max-width:1248px;margin-left: calc(-4% \/ 2 );margin-right: calc(-4% \/ 2 );\"><div class=\"fusion-layout-column fusion_builder_column fusion-builder-column-0 fusion_builder_column_1_1 1_1 fusion-flex-column\" style=\"--awb-bg-size:cover;--awb-width-large:100%;--awb-margin-top-large:0px;--awb-spacing-right-large:1.92%;--awb-margin-bottom-large:2%;--awb-spacing-left-large:1.92%;--awb-width-medium:100%;--awb-order-medium:0;--awb-spacing-right-medium:1.92%;--awb-spacing-left-medium:1.92%;--awb-width-small:100%;--awb-order-small:0;--awb-spacing-right-small:1.92%;--awb-spacing-left-small:1.92%;\"><div class=\"fusion-column-wrapper fusion-column-has-shadow fusion-flex-justify-content-flex-start fusion-content-layout-column\"><div class=\"fusion-title title fusion-title-1 fusion-sep-none fusion-title-text fusion-title-size-two\" style=\"--awb-margin-top-small:0px;--awb-margin-right-small:0px;--awb-margin-bottom-small:20px;--awb-margin-left-small:0px;\"><h2 class=\"fusion-title-heading title-heading-left fusion-responsive-typography-calculated\" style=\"margin:0;--fontSize:32;line-height:1.2;\"><h2><span style=\"font-weight: bold;\">Effizienz erleben, Nachhaltigkeit gestalten\u00a0<\/span><\/h2><\/h2><\/div><\/div><\/div><div class=\"fusion-layout-column fusion_builder_column fusion-builder-column-1 fusion_builder_column_1_3 1_3 fusion-flex-column\" style=\"--awb-bg-size:cover;--awb-width-large:33.333333333333%;--awb-margin-top-large:0px;--awb-spacing-right-large:5.76%;--awb-margin-bottom-large:2%;--awb-spacing-left-large:5.76%;--awb-width-medium:100%;--awb-order-medium:0;--awb-spacing-right-medium:1.92%;--awb-spacing-left-medium:1.92%;--awb-width-small:100%;--awb-order-small:0;--awb-spacing-right-small:1.92%;--awb-spacing-left-small:1.92%;\"><div class=\"fusion-column-wrapper fusion-column-has-shadow fusion-flex-justify-content-flex-start fusion-content-layout-column\"><div class=\"fusion-image-element \" style=\"--awb-caption-title-font-family:var(--h2_typography-font-family);--awb-caption-title-font-weight:var(--h2_typography-font-weight);--awb-caption-title-font-style:var(--h2_typography-font-style);--awb-caption-title-size:var(--h2_typography-font-size);--awb-caption-title-transform:var(--h2_typography-text-transform);--awb-caption-title-line-height:var(--h2_typography-line-height);--awb-caption-title-letter-spacing:var(--h2_typography-letter-spacing);\"><span class=\" fusion-imageframe imageframe-none imageframe-1 hover-type-none\"><a href=\"https:\/\/www.compact-kaeltetechnik.de\/wp-content\/uploads\/2026\/03\/Euroshop-2026-Messe-Team-1024x768.jpg\" class=\"fusion-lightbox\" data-rel=\"iLightbox[65030bd3a64292226c9]\" data-title=\"Euroshop-2026-Messe-Team\" title=\"Euroshop-2026-Messe-Team\"><img decoding=\"async\" width=\"1024\" height=\"768\" src=\"data:image\/svg+xml,%3Csvg%20xmlns%3D%27http%3A%2F%2Fwww.w3.org%2F2000%2Fsvg%27%20width%3D%272560%27%20height%3D%271707%27%20viewBox%3D%270%200%202560%201707%27%3E%3Crect%20width%3D%272560%27%20height%3D%271707%27%20fill-opacity%3D%220%22%2F%3E%3C%2Fsvg%3E\" data-orig-src=\"https:\/\/www.compact-kaeltetechnik.de\/wp-content\/uploads\/2026\/03\/Euroshop-2026-Messe-Team-1024x768.jpg\" alt class=\"lazyload img-responsive wp-image-26758\"\/><\/a><\/span><\/div><div class=\"fusion-separator fusion-full-width-sep\" style=\"align-self: center;margin-left: auto;margin-right: auto;margin-top:1em;width:100%;\"><\/div><\/div><\/div><div class=\"fusion-layout-column fusion_builder_column fusion-builder-column-2 fusion_builder_column_2_3 2_3 fusion-flex-column\" style=\"--awb-padding-left:0px;--awb-bg-size:cover;--awb-width-large:66.666666666667%;--awb-margin-top-large:0px;--awb-spacing-right-large:2.88%;--awb-margin-bottom-large:2%;--awb-spacing-left-large:2.88%;--awb-width-medium:100%;--awb-order-medium:0;--awb-spacing-right-medium:1.92%;--awb-spacing-left-medium:1.92%;--awb-width-small:100%;--awb-order-small:0;--awb-spacing-right-small:1.92%;--awb-spacing-left-small:1.92%;\" data-scroll-devices=\"small-visibility,medium-visibility,large-visibility\"><div class=\"fusion-column-wrapper fusion-column-has-shadow fusion-flex-justify-content-flex-start fusion-content-layout-column\"><div class=\"fusion-text fusion-text-1\"><p><strong>Was bleibt nach f\u00fcnf Tagen Messe? Energie. Gespr\u00e4che. Neue Perspektiven.<\/strong><br \/>\nDie <a href=\"https:\/\/www.euroshop.de\/\" target=\"_blank\" rel=\"noopener noreferrer\">EuroShop 2026<\/a> war f\u00fcr uns bei compact K\u00e4ltetechnik vor allem eines: ein Ort echter Begegnungen. Austausch auf Augenh\u00f6he, fachliche Tiefe, Neugier auf neue Denkans\u00e4tze \u2013 und viele Momente, die gezeigt haben, wie lebendig unsere Branche ist. Der Messeauftritt vereinte vielf\u00e4ltige Kernthemen: den <strong>EJCO2 als energieeffiziente Baugruppe f\u00fcr CO\u2082\u2011Verbundanlagen<\/strong>, das<strong> digitale Planungstool <\/strong><b><i><a href=\"https:\/\/www.compact-kaeltetechnik.de\/de\/cmartr-tool\/\"><span style=\"color: var(--awb-custom14);\">*<\/span><span style=\"color: var(--awb-custom14);\">cmartR<\/span><\/a><\/i> <\/b>f\u00fcr mehr Tempo in der Angebotsphase sowie einen CO\u2082\u2011Booster als Messe\u2011Pilotprojekt, umgesetzt mit ressourcenschonenden Materialien. Zusammen ergab das ein klares Bild: Effizienz, Standardisierung, Nachhaltigkeit und praxinahe Digitalisierung pr\u00e4gen die Zukunft der K\u00e4ltetechnik im Retail-Segment.<\/p>\n<\/div><\/div><\/div><div class=\"fusion-layout-column fusion_builder_column fusion-builder-column-3 fusion_builder_column_1_1 1_1 fusion-flex-column\" style=\"--awb-bg-size:cover;--awb-width-large:100%;--awb-margin-top-large:0px;--awb-spacing-right-large:1.92%;--awb-margin-bottom-large:2%;--awb-spacing-left-large:1.92%;--awb-width-medium:100%;--awb-order-medium:0;--awb-spacing-right-medium:1.92%;--awb-spacing-left-medium:1.92%;--awb-width-small:100%;--awb-order-small:0;--awb-spacing-right-small:1.92%;--awb-spacing-left-small:1.92%;\"><div class=\"fusion-column-wrapper fusion-column-has-shadow fusion-flex-justify-content-flex-start fusion-content-layout-column\"><div class=\"fusion-content-boxes content-boxes columns row fusion-columns-1 fusion-columns-total-1 fusion-content-boxes-1 content-boxes-timeline-horizontal content-left content-boxes-icon-on-top content-boxes-timeline-layout fusion-delayed-animation\" style=\"--awb-backgroundcolor:var(--awb-color2);--awb-margin-top:1.2em;--awb-margin-bottom:0px;--awb-hover-accent-color:var(--awb-color7);--awb-circle-hover-accent-color:var(--awb-color7);--awb-item-margin-bottom:40px;\" data-animation-delay=\"350\" data-animationOffset=\"top-into-view\"><div style=\"--awb-backgroundcolor:var(--awb-color2);\" class=\"fusion-column content-box-column content-box-column content-box-column-1 col-lg-12 col-md-12 col-sm-12 fusion-content-box-hover content-box-column-last content-box-column-last-in-row\"><div class=\"col content-box-wrapper content-wrapper-background link-area-link-icon icon-hover-animation-fade fusion-animated\" data-animationType=\"fadeIn\" data-animationDuration=\"0.25\" data-animationOffset=\"top-into-view\"><div class=\"fusion-clearfix\"><\/div><div class=\"content-container\">\n<h3 style=\"text-align: center;\">Klare Signale aus der Branche: Effizienz z\u00e4hlt jetzt<\/h3>\n<p style=\"text-align: center;\">Die Resonanz am Messestand, die intensiven Gespr\u00e4che w\u00e4hrend der Messetage und der Vortrag auf der Amber Stage machten deutlich, dass die Branche konkrete, sofort wirksame L\u00f6sungen sucht. Der EJCO\u2082 wurde dabei zu einem zentralen Impulsgeber \u2013 weil er bekannte Prinzipien nutzt, aber deutlich effizienter umsetzt.<\/p>\n<\/div><\/div><\/div><div class=\"fusion-clearfix\"><\/div><\/div><div class=\"fusion-title title fusion-title-2 fusion-sep-none fusion-title-text fusion-title-size-three\" style=\"--awb-margin-top-small:0px;--awb-margin-right-small:0px;--awb-margin-bottom-small:20px;--awb-margin-left-small:0px;\"><h3 class=\"fusion-title-heading title-heading-left fusion-responsive-typography-calculated\" style=\"margin:0;--fontSize:24;--minFontSize:24;line-height:1.4;\"><h2><strong>Unsere Messe-Highlights und die Resonanz der Branche<\/strong><\/h2><\/h3><\/div><\/div><\/div><div class=\"fusion-layout-column fusion_builder_column fusion-builder-column-4 fusion_builder_column_2_3 2_3 fusion-flex-column\" style=\"--awb-bg-size:cover;--awb-width-large:66.666666666667%;--awb-margin-top-large:0px;--awb-spacing-right-large:2.88%;--awb-margin-bottom-large:2%;--awb-spacing-left-large:2.88%;--awb-width-medium:100%;--awb-order-medium:0;--awb-spacing-right-medium:1.92%;--awb-spacing-left-medium:1.92%;--awb-width-small:100%;--awb-order-small:0;--awb-spacing-right-small:1.92%;--awb-spacing-left-small:1.92%;\"><div class=\"fusion-column-wrapper fusion-column-has-shadow fusion-flex-justify-content-flex-start fusion-content-layout-column\"><div class=\"fusion-text fusion-text-2\" style=\"--awb-content-alignment:left;\"><h3 style=\"padding-bottom: 0;\"><span style=\"color: var(--awb-custom14);\">EJCO2:<\/span> Unterk\u00fchlung auf einem neuen Effizienzniveau<\/h3>\n<p>Im Mittelpunkt stand der<a href=\"https:\/\/www.compact-kaeltetechnik.de\/de\/anlage\/ejco2\/\"> <b>EJCO2<\/b><\/a> als integrierte Baugruppe,<b> <\/b>die ein vertrautes thermodynamisches Verfahren entscheidend weiterdenkt: Unterk\u00fchlung als Wirkungsgradhebel. Statt Ejektortechnik als komplexes Spezialthema zu positionieren, setzt der EJCO2 genau hier an. Die Baugruppe nutzt die Energie im Hochdruckbereich, um eine zus\u00e4tzliche Unterk\u00fchlung bereitzustellen und damit die Effizienz transkritischer CO\u2082-Anlagen deutlich zu steigern. In Kombination mit einer Parallelverdichtung sind Energieeinsparungen von bis zu 40 Prozent im Vergleich zu herk\u00f6mm-lichen Flashgas-Bypass-Systemen m\u00f6glich \u2013 besonders unter h\u00f6heren Au\u00dfentemperaturen. Die automatische Aktivierung \u00fcber einen speziell entwickelten Wurm\u2011Regler gew\u00e4hrleistet, dass die Baugruppe nur dann arbeitet, wenn Anlagenzustand und Umgebung maximale Effizienz erlauben.<\/p>\n<h3><span style=\"color: var(--awb-custom14);\"><span style=\"color: #333333;\">Unser <\/span><span style=\"color: #333333;\">ganzheitlicher<\/span> Nachhaltigkeitsansatz<\/span><\/h3>\n<p>F\u00fcr die EuroShop 2026 initiierte compact K\u00e4ltetechnik ein <b>Pilotprojekt<\/b> und setzte einen CO\u2082\u2011Booster mit ressourcenschonenden Materialien um. Nachhaltigkeit bedeutet f\u00fcr uns, die gesamte Komponenten- und Materialkette ganzheitlich zu betrachten. Zum Einsatz kommen u.a. ArmaFlex\u00ae Ultima als Low-Smoke-D\u00e4mmung, nicht brenn- und recycelbare Steinwolle-Isolierung, Klettband statt Kabelbinder mit bis zu 80% weniger Verschnitt sowie PE1000\u2011Recyclingplatten aus vollst\u00e4ndig recyceltem Material.<b> Unser Ziel:<\/b> CO\u2082\u2011Technik noch ressourceneffizienter gestalten \u2013 ohne Kompromisse bei Stabilit\u00e4t, Sicherheit oder Performance. Tauchen Sie ein in unsere Ideen f\u00fcr mehr <a href=\"https:\/\/www.compact-kaeltetechnik.de\/de\/nachhaltigkeit\/\" target=\"_blank\" rel=\"noopener noreferrer\">Nachhaltigkeit<\/a>.<\/p>\n<p>Auch der Messeauftritt folgte einem klaren Konzept f\u00fcr ressourcenschonenden Materialeinsatz.<b> <\/b>In Zusammenarbeit mit unserem Messebauer <a href=\"https:\/\/beatbarproductions.de\/\" target=\"_blank\" rel=\"noopener noreferrer\">beatbarproductions<\/a> entstand ein modulares Standkonzept, das gezielt auf Wiederverwendung setzt. Holzfu\u00dfboden, Bannerstoffe, Mobiliar, Regale, digitale Screens und der Signage\u2011Cube kommen mehrfach zum Einsatz \u2013 klar markiert mit einem \u201ereused\u201c-Symbol. Der Stand zeigte, was in der Messebranche oft unsichtbar bleibt: Nachhaltigkeit ist eine bewusste Entscheidung, keine Floskel. Wiederverwenden statt Wegwerfen wurde zum gestalterischen und inhaltlichen Leitmotiv.<\/p>\n<h3>Effizienz per Klick:<i><span style=\"color: var(--awb-custom14);\"> Das <\/span><\/i><span style=\"color: var(--awb-custom14);\"><i>*cmartR-tool<\/i><\/span><\/h3>\n<p>Schneller planen, Fehler vermeiden, live kalkulieren: Unser <a href=\"https:\/\/www.compact-kaeltetechnik.de\/de\/cmartr-tool\/\" target=\"_blank\" rel=\"noopener noreferrer\">digitaler CO\u2082-Konfigurator<\/a> sorgt f\u00fcr mehr Transparenz und unterst\u00fctzt die Projektierung. Auf der Messe konnten Besucher das Tool direkt ausprobieren und ihre Fragen mit unserem Expertenteam besprechen. Die positive Resonanz zeigte klar, wie gro\u00df das Interesse an effizienten, anwenderfreundlichen Planungsprozessen ist.<\/p>\n<p>Das Tool bietet vor allem eins: mehr Orientierung im Projekt und ein deutlich schnelleren Weg von der ersten Idee zur umsetzbaren L\u00f6sung. Mit wenigen Klicks lassen sich die Standardserien <a href=\"https:\/\/www.compact-kaeltetechnik.de\/de\/anlage\/carbo-box\/\" target=\"_blank\" rel=\"noopener noreferrer\">*carbo\u2011Box<\/a>, <a href=\"https:\/\/www.compact-kaeltetechnik.de\/de\/anlage\/carbo-line\/\" target=\"_blank\" rel=\"noopener noreferrer\">*carbo\u2011Line<\/a> und <a href=\"https:\/\/www.compact-kaeltetechnik.de\/de\/anlage\/carbo-rack\/\" target=\"_blank\" rel=\"noopener noreferrer\">*carbo\u2011Rack<\/a> konfigurieren \u2013 \u00fcbersichtlich, nachvollziehbar und technisch zuverl\u00e4ssig.<\/p>\n<h3><span style=\"color: var(--awb-custom14);\">60 Jahre EuroShop<\/span> \u2013 eine Messegeschichte, die verbindet<\/h3>\n<p>Die EuroShop feierte 2026 ihr 60. Jubil\u00e4um. Von 333 Ausstellern im Jahr 1966 entwickelte sich die Messe zu einem internationalen Branchentreffen mit \u00fcber 1.800 Ausstellern aus 60 Nationen. Auch die eigene Geschichte von compact K\u00e4ltetechnik ist eng mit der EuroShop verbunden:<br \/>\n1996 begann alles auf einem Gemeinschaftsstand, 2014 folgte der erste eigene Messeauftritt. Seither w\u00e4chst die Pr\u00e4senz mit neuen Ideen, gr\u00f6\u00dferen Fl\u00e4chen und starken Exponaten stetig weiter. Mit 81.000 Fachbesuchern aus 141 L\u00e4ndern bot die diesj\u00e4hrige EuroShop erneut die B\u00fchne f\u00fcr Trends, Technologien und Visionen, die die Zukunft der Retailbranche pr\u00e4gen werden.<\/p>\n<\/div><div class=\"fusion-text fusion-text-3\"><h3><strong>Ausblick:<\/strong> Die Impulse wirken weiter<\/h3>\n<p>Der erfolgreiche Messeauftritt war vor allem eins: Teamwork. Durch die Expertise, Leidenschaft und Ausdauer des gesamten Messeteams \u2013 unterst\u00fctzt durch die kreative Gestaltung von beatbarproductions. Sie alle schufen einen Rahmen, der technische Tiefe, Dialog und neue Perspektiven gleicherma\u00dfen erm\u00f6glichte.<\/p>\n<p>Die EuroShop 2026 ist vorbei \u2013 doch die gewonnenen Erkenntnisse und Gespr\u00e4che wirken weiter. Der Blick geht bereits jetzt auf die <b>Chillventa 2026<\/b> in N\u00fcrnberg, wo compact K\u00e4ltetechnik erneut zeigen wird, wie Effizienz, Nachhaltigkeit, praxisnahe Standards und ma\u00dfgeschneiderte k\u00e4ltetechnische L\u00f6sungen die Zukunft der CO\u2082\u2011K\u00e4ltetechnik pr\u00e4gen.<\/p>\n<\/div><\/div><\/div><div class=\"fusion-layout-column fusion_builder_column fusion-builder-column-5 fusion_builder_column_1_3 1_3 fusion-flex-column\" style=\"--awb-bg-size:cover;--awb-width-large:33.333333333333%;--awb-margin-top-large:0px;--awb-spacing-right-large:5.76%;--awb-margin-bottom-large:2%;--awb-spacing-left-large:5.76%;--awb-width-medium:100%;--awb-order-medium:0;--awb-spacing-right-medium:1.92%;--awb-spacing-left-medium:1.92%;--awb-width-small:100%;--awb-order-small:0;--awb-spacing-right-small:1.92%;--awb-spacing-left-small:1.92%;\"><div class=\"fusion-column-wrapper fusion-column-has-shadow fusion-flex-justify-content-flex-start fusion-content-layout-column\"><div class=\"fusion-separator fusion-full-width-sep\" style=\"align-self: center;margin-left: auto;margin-right: auto;margin-bottom:1em;width:100%;\"><\/div><div class=\"fusion-image-element \" style=\"--awb-caption-title-font-family:var(--h2_typography-font-family);--awb-caption-title-font-weight:var(--h2_typography-font-weight);--awb-caption-title-font-style:var(--h2_typography-font-style);--awb-caption-title-size:var(--h2_typography-font-size);--awb-caption-title-transform:var(--h2_typography-text-transform);--awb-caption-title-line-height:var(--h2_typography-line-height);--awb-caption-title-letter-spacing:var(--h2_typography-letter-spacing);\"><span class=\" fusion-imageframe imageframe-none imageframe-2 hover-type-none\"><a href=\"https:\/\/www.compact-kaeltetechnik.de\/wp-content\/uploads\/2026\/03\/EJCO2_EY8A5867-scaled-e1773743427414-729x1024.jpg\" class=\"fusion-lightbox\" data-rel=\"iLightbox[d2682d762ac1dc3b38f]\" data-title=\"EJCO2_EY8A5867\" title=\"EJCO2_EY8A5867\"><img decoding=\"async\" width=\"729\" height=\"1024\" src=\"https:\/\/www.compact-kaeltetechnik.de\/wp-content\/uploads\/2026\/03\/EJCO2_EY8A5867-scaled-e1773743427414.jpg\" data-orig-src=\"https:\/\/www.compact-kaeltetechnik.de\/wp-content\/uploads\/2026\/03\/EJCO2_EY8A5867-scaled-e1773743427414-729x1024.jpg\" alt class=\"lazyload img-responsive wp-image-26763\" srcset=\"data:image\/svg+xml,%3Csvg%20xmlns%3D%27http%3A%2F%2Fwww.w3.org%2F2000%2Fsvg%27%20width%3D%271707%27%20height%3D%272398%27%20viewBox%3D%270%200%201707%202398%27%3E%3Crect%20width%3D%271707%27%20height%3D%272398%27%20fill-opacity%3D%220%22%2F%3E%3C%2Fsvg%3E\" data-srcset=\"https:\/\/www.compact-kaeltetechnik.de\/wp-content\/uploads\/2026\/03\/EJCO2_EY8A5867-scaled-e1773743427414-200x281.jpg 200w, https:\/\/www.compact-kaeltetechnik.de\/wp-content\/uploads\/2026\/03\/EJCO2_EY8A5867-scaled-e1773743427414-400x562.jpg 400w, https:\/\/www.compact-kaeltetechnik.de\/wp-content\/uploads\/2026\/03\/EJCO2_EY8A5867-scaled-e1773743427414-600x843.jpg 600w, https:\/\/www.compact-kaeltetechnik.de\/wp-content\/uploads\/2026\/03\/EJCO2_EY8A5867-scaled-e1773743427414-800x1124.jpg 800w, https:\/\/www.compact-kaeltetechnik.de\/wp-content\/uploads\/2026\/03\/EJCO2_EY8A5867-scaled-e1773743427414-1200x1686.jpg 1200w, https:\/\/www.compact-kaeltetechnik.de\/wp-content\/uploads\/2026\/03\/EJCO2_EY8A5867-scaled-e1773743427414.jpg 1707w\" data-sizes=\"auto\" data-orig-sizes=\"(max-width: 1300px) 100vw, (max-width: 640px) 100vw, 400px\" \/><\/a><\/span><\/div><div class=\"fusion-separator fusion-full-width-sep\" style=\"align-self: center;margin-left: auto;margin-right: auto;width:100%;\"><div class=\"fusion-separator-border sep-double\" style=\"--awb-height:20px;--awb-amount:20px;border-color:#e0dede;border-top-width:1px;border-bottom-width:1px;\"><\/div><\/div><div class=\"fusion-image-element \" style=\"--awb-caption-title-font-family:var(--h2_typography-font-family);--awb-caption-title-font-weight:var(--h2_typography-font-weight);--awb-caption-title-font-style:var(--h2_typography-font-style);--awb-caption-title-size:var(--h2_typography-font-size);--awb-caption-title-transform:var(--h2_typography-text-transform);--awb-caption-title-line-height:var(--h2_typography-line-height);--awb-caption-title-letter-spacing:var(--h2_typography-letter-spacing);\"><span class=\" fusion-imageframe imageframe-none imageframe-3 hover-type-none\"><a href=\"https:\/\/www.compact-kaeltetechnik.de\/wp-content\/uploads\/2026\/03\/IMG_3959_copyrights-beatbar-1024x683.jpg\" class=\"fusion-lightbox\" data-rel=\"iLightbox[cf72cff1f331ece9362]\" data-caption=\"copyright: beatbarproductions\" data-title=\"Standdesign EuroShop-2026r\" title=\"Standdesign EuroShop-2026r\"><img decoding=\"async\" width=\"1024\" height=\"683\" alt=\"Foto: beatbarproductions\" src=\"https:\/\/www.compact-kaeltetechnik.de\/wp-content\/uploads\/2026\/03\/IMG_3959_copyrights-beatbar-scaled.jpg\" data-orig-src=\"https:\/\/www.compact-kaeltetechnik.de\/wp-content\/uploads\/2026\/03\/IMG_3959_copyrights-beatbar-1024x683.jpg\" class=\"lazyload img-responsive wp-image-26766\" srcset=\"data:image\/svg+xml,%3Csvg%20xmlns%3D%27http%3A%2F%2Fwww.w3.org%2F2000%2Fsvg%27%20width%3D%272560%27%20height%3D%271707%27%20viewBox%3D%270%200%202560%201707%27%3E%3Crect%20width%3D%272560%27%20height%3D%271707%27%20fill-opacity%3D%220%22%2F%3E%3C%2Fsvg%3E\" data-srcset=\"https:\/\/www.compact-kaeltetechnik.de\/wp-content\/uploads\/2026\/03\/IMG_3959_copyrights-beatbar-200x133.jpg 200w, https:\/\/www.compact-kaeltetechnik.de\/wp-content\/uploads\/2026\/03\/IMG_3959_copyrights-beatbar-400x267.jpg 400w, https:\/\/www.compact-kaeltetechnik.de\/wp-content\/uploads\/2026\/03\/IMG_3959_copyrights-beatbar-600x400.jpg 600w, https:\/\/www.compact-kaeltetechnik.de\/wp-content\/uploads\/2026\/03\/IMG_3959_copyrights-beatbar-800x533.jpg 800w, https:\/\/www.compact-kaeltetechnik.de\/wp-content\/uploads\/2026\/03\/IMG_3959_copyrights-beatbar-1200x800.jpg 1200w\" data-sizes=\"auto\" data-orig-sizes=\"(max-width: 1300px) 100vw, (max-width: 640px) 100vw, 400px\" \/><\/a><\/span><\/div><div class=\"fusion-separator fusion-full-width-sep\" style=\"align-self: center;margin-left: auto;margin-right: auto;width:100%;\"><div class=\"fusion-separator-border sep-double\" style=\"--awb-height:20px;--awb-amount:20px;border-color:#e0dede;border-top-width:1px;border-bottom-width:1px;\"><\/div><\/div><div class=\"fusion-image-element \" style=\"--awb-caption-title-font-family:var(--h2_typography-font-family);--awb-caption-title-font-weight:var(--h2_typography-font-weight);--awb-caption-title-font-style:var(--h2_typography-font-style);--awb-caption-title-size:var(--h2_typography-font-size);--awb-caption-title-transform:var(--h2_typography-text-transform);--awb-caption-title-line-height:var(--h2_typography-line-height);--awb-caption-title-letter-spacing:var(--h2_typography-letter-spacing);\"><span class=\" fusion-imageframe imageframe-none imageframe-4 hover-type-none\"><a href=\"https:\/\/www.compact-kaeltetechnik.de\/wp-content\/uploads\/2026\/03\/IMG_3955-scaled-e1773908001858-1024x645.jpg\" class=\"fusion-lightbox\" data-rel=\"iLightbox[09e7bf5ae02da511866]\" data-title=\"IMG_3955-EuroShop-2026\" title=\"IMG_3955-EuroShop-2026\"><img decoding=\"async\" width=\"1024\" height=\"645\" alt=\"Foto: beatbarproductions\" src=\"https:\/\/www.compact-kaeltetechnik.de\/wp-content\/uploads\/2026\/03\/IMG_3955-scaled-e1773908001858.jpg\" data-orig-src=\"https:\/\/www.compact-kaeltetechnik.de\/wp-content\/uploads\/2026\/03\/IMG_3955-scaled-e1773908001858-1024x645.jpg\" class=\"lazyload img-responsive wp-image-26820\" srcset=\"data:image\/svg+xml,%3Csvg%20xmlns%3D%27http%3A%2F%2Fwww.w3.org%2F2000%2Fsvg%27%20width%3D%272330%27%20height%3D%271468%27%20viewBox%3D%270%200%202330%201468%27%3E%3Crect%20width%3D%272330%27%20height%3D%271468%27%20fill-opacity%3D%220%22%2F%3E%3C%2Fsvg%3E\" data-srcset=\"https:\/\/www.compact-kaeltetechnik.de\/wp-content\/uploads\/2026\/03\/IMG_3955-scaled-e1773908001858-200x126.jpg 200w, https:\/\/www.compact-kaeltetechnik.de\/wp-content\/uploads\/2026\/03\/IMG_3955-scaled-e1773908001858-400x252.jpg 400w, https:\/\/www.compact-kaeltetechnik.de\/wp-content\/uploads\/2026\/03\/IMG_3955-scaled-e1773908001858-600x378.jpg 600w, https:\/\/www.compact-kaeltetechnik.de\/wp-content\/uploads\/2026\/03\/IMG_3955-scaled-e1773908001858-800x504.jpg 800w, https:\/\/www.compact-kaeltetechnik.de\/wp-content\/uploads\/2026\/03\/IMG_3955-scaled-e1773908001858-1200x756.jpg 1200w\" data-sizes=\"auto\" data-orig-sizes=\"(max-width: 1300px) 100vw, (max-width: 640px) 100vw, 400px\" \/><\/a><\/span><\/div><div class=\"fusion-separator fusion-full-width-sep\" style=\"align-self: center;margin-left: auto;margin-right: auto;width:100%;\"><div class=\"fusion-separator-border sep-double\" style=\"--awb-height:20px;--awb-amount:20px;border-color:#e0dede;border-top-width:1px;border-bottom-width:1px;\"><\/div><\/div><div class=\"fusion-image-element \" style=\"--awb-caption-title-font-family:var(--h2_typography-font-family);--awb-caption-title-font-weight:var(--h2_typography-font-weight);--awb-caption-title-font-style:var(--h2_typography-font-style);--awb-caption-title-size:var(--h2_typography-font-size);--awb-caption-title-transform:var(--h2_typography-text-transform);--awb-caption-title-line-height:var(--h2_typography-line-height);--awb-caption-title-letter-spacing:var(--h2_typography-letter-spacing);\"><span class=\" fusion-imageframe imageframe-none imageframe-5 hover-type-none\"><a href=\"https:\/\/www.compact-kaeltetechnik.de\/wp-content\/uploads\/2026\/03\/IMG_4420-768x1024.jpg\" class=\"fusion-lightbox\" data-rel=\"iLightbox[c7b31f40750aee1b8e5]\" data-title=\"EuroShop-2026-cmartR-tool\" title=\"EuroShop-2026-cmartR-tool\"><img decoding=\"async\" width=\"768\" height=\"1024\" src=\"https:\/\/www.compact-kaeltetechnik.de\/wp-content\/uploads\/2026\/03\/IMG_4420-scaled.jpg\" data-orig-src=\"https:\/\/www.compact-kaeltetechnik.de\/wp-content\/uploads\/2026\/03\/IMG_4420-768x1024.jpg\" alt class=\"lazyload img-responsive wp-image-26772\" srcset=\"data:image\/svg+xml,%3Csvg%20xmlns%3D%27http%3A%2F%2Fwww.w3.org%2F2000%2Fsvg%27%20width%3D%271920%27%20height%3D%272560%27%20viewBox%3D%270%200%201920%202560%27%3E%3Crect%20width%3D%271920%27%20height%3D%272560%27%20fill-opacity%3D%220%22%2F%3E%3C%2Fsvg%3E\" data-srcset=\"https:\/\/www.compact-kaeltetechnik.de\/wp-content\/uploads\/2026\/03\/IMG_4420-200x267.jpg 200w, https:\/\/www.compact-kaeltetechnik.de\/wp-content\/uploads\/2026\/03\/IMG_4420-400x533.jpg 400w, https:\/\/www.compact-kaeltetechnik.de\/wp-content\/uploads\/2026\/03\/IMG_4420-600x800.jpg 600w, https:\/\/www.compact-kaeltetechnik.de\/wp-content\/uploads\/2026\/03\/IMG_4420-800x1067.jpg 800w, https:\/\/www.compact-kaeltetechnik.de\/wp-content\/uploads\/2026\/03\/IMG_4420-1200x1600.jpg 1200w, https:\/\/www.compact-kaeltetechnik.de\/wp-content\/uploads\/2026\/03\/IMG_4420-scaled.jpg 1920w\" data-sizes=\"auto\" data-orig-sizes=\"(max-width: 1300px) 100vw, (max-width: 640px) 100vw, 400px\" \/><\/a><\/span><\/div><div class=\"fusion-separator fusion-full-width-sep\" style=\"align-self: center;margin-left: auto;margin-right: auto;width:100%;\"><div class=\"fusion-separator-border sep-double\" style=\"--awb-height:20px;--awb-amount:20px;border-color:#e0dede;border-top-width:1px;border-bottom-width:1px;\"><\/div><\/div><div class=\"fusion-image-element \" style=\"--awb-caption-title-font-family:var(--h2_typography-font-family);--awb-caption-title-font-weight:var(--h2_typography-font-weight);--awb-caption-title-font-style:var(--h2_typography-font-style);--awb-caption-title-size:var(--h2_typography-font-size);--awb-caption-title-transform:var(--h2_typography-text-transform);--awb-caption-title-line-height:var(--h2_typography-line-height);--awb-caption-title-letter-spacing:var(--h2_typography-letter-spacing);\"><span class=\" fusion-imageframe imageframe-none imageframe-6 hover-type-none\"><a href=\"https:\/\/www.compact-kaeltetechnik.de\/wp-content\/uploads\/2026\/03\/IMG_4431-scaled-e1773742300178-869x1024.jpg\" class=\"fusion-lightbox\" data-rel=\"iLightbox[a9aabb6b0cb80c041ea]\" data-title=\"EuroShop-2026-Review\" title=\"EuroShop-2026-Review\"><img decoding=\"async\" width=\"869\" height=\"1024\" src=\"https:\/\/www.compact-kaeltetechnik.de\/wp-content\/uploads\/2026\/03\/IMG_4431-scaled-e1773742300178.jpg\" data-orig-src=\"https:\/\/www.compact-kaeltetechnik.de\/wp-content\/uploads\/2026\/03\/IMG_4431-scaled-e1773742300178-869x1024.jpg\" alt class=\"lazyload img-responsive wp-image-26775\" srcset=\"data:image\/svg+xml,%3Csvg%20xmlns%3D%27http%3A%2F%2Fwww.w3.org%2F2000%2Fsvg%27%20width%3D%271865%27%20height%3D%272197%27%20viewBox%3D%270%200%201865%202197%27%3E%3Crect%20width%3D%271865%27%20height%3D%272197%27%20fill-opacity%3D%220%22%2F%3E%3C%2Fsvg%3E\" data-srcset=\"https:\/\/www.compact-kaeltetechnik.de\/wp-content\/uploads\/2026\/03\/IMG_4431-scaled-e1773742300178-200x236.jpg 200w, https:\/\/www.compact-kaeltetechnik.de\/wp-content\/uploads\/2026\/03\/IMG_4431-scaled-e1773742300178-400x471.jpg 400w, https:\/\/www.compact-kaeltetechnik.de\/wp-content\/uploads\/2026\/03\/IMG_4431-scaled-e1773742300178-600x707.jpg 600w, https:\/\/www.compact-kaeltetechnik.de\/wp-content\/uploads\/2026\/03\/IMG_4431-scaled-e1773742300178-800x942.jpg 800w, https:\/\/www.compact-kaeltetechnik.de\/wp-content\/uploads\/2026\/03\/IMG_4431-scaled-e1773742300178-1200x1414.jpg 1200w, https:\/\/www.compact-kaeltetechnik.de\/wp-content\/uploads\/2026\/03\/IMG_4431-scaled-e1773742300178.jpg 1865w\" data-sizes=\"auto\" data-orig-sizes=\"(max-width: 1300px) 100vw, (max-width: 640px) 100vw, 400px\" \/><\/a><\/span><\/div><div class=\"fusion-separator fusion-full-width-sep\" style=\"align-self: center;margin-left: auto;margin-right: auto;width:100%;\"><div class=\"fusion-separator-border sep-double\" style=\"--awb-height:20px;--awb-amount:20px;border-color:#e0dede;border-top-width:1px;border-bottom-width:1px;\"><\/div><\/div><\/div><\/div><div class=\"fusion-layout-column fusion_builder_column fusion-builder-column-6 fusion_builder_column_1_1 1_1 fusion-flex-column\" style=\"--awb-bg-size:cover;--awb-width-large:100%;--awb-margin-top-large:0px;--awb-spacing-right-large:1.92%;--awb-margin-bottom-large:2%;--awb-spacing-left-large:1.92%;--awb-width-medium:100%;--awb-order-medium:0;--awb-spacing-right-medium:1.92%;--awb-spacing-left-medium:1.92%;--awb-width-small:100%;--awb-order-small:0;--awb-spacing-right-small:1.92%;--awb-spacing-left-small:1.92%;\" data-scroll-devices=\"small-visibility,medium-visibility,large-visibility\"><div class=\"fusion-column-wrapper fusion-column-has-shadow fusion-flex-justify-content-flex-start fusion-content-layout-column\"><div class=\"fusion-title title fusion-title-3 fusion-sep-none fusion-title-text fusion-title-size-three\" style=\"--awb-margin-top-small:0px;--awb-margin-right-small:0px;--awb-margin-bottom-small:20px;--awb-margin-left-small:0px;\"><h3 class=\"fusion-title-heading title-heading-left fusion-responsive-typography-calculated\" style=\"margin:0;--fontSize:24;--minFontSize:24;line-height:1.4;\">Unsere EuroShop-Highlights in Sekunden<\/h3><\/div><div class=\"fusion-video fusion-selfhosted-video\" style=\"max-width:100%;\"><div class=\"video-wrapper\"><video playsinline=\"true\" width=\"100%\" style=\"object-fit: cover;\" autoplay=\"true\" muted=\"true\" loop=\"true\" preload=\"auto\" controls=\"1\"><source src=\"https:\/\/www.compact-kaeltetechnik.de\/wp-content\/uploads\/2026\/03\/Video-EuroShop-Review_UFEF4501-2.mov\" type=\"video\/mp4\">Sorry, your browser doesn&#039;t support embedded videos.<\/video><\/div><\/div><div class=\"fusion-text fusion-text-4\"><p>&nbsp;<\/p>\n<p><span style=\"font-size: 12px; line-height: 18px;\" data-fusion-font=\"true\">Bildnachweis: <\/span><span style=\"font-size: 12px; line-height: 18px;\" data-fusion-font=\"true\">Fotos vom Messestand (Bild 3 &amp; 4): beatbarproductions GmbH<\/span><\/p>\n<\/div><\/div><\/div><\/div><\/div>\n","protected":false},"excerpt":{"rendered":"","protected":false},"author":291,"featured_media":26758,"comment_status":"closed","ping_status":"closed","sticky":false,"template":"","format":"standard","meta":{"footnotes":""},"categories":[15],"tags":[543,544,417,216,415,416,288,418,266,545],"class_list":["post-26752","post","type-post","status-publish","format-standard","has-post-thumbnail","hentry","category-news","tag-cmartr-tool","tag-ejco2","tag-energieeffizienz","tag-euroshop-2","tag-fachmesse","tag-international","tag-kaelte","tag-kaelteanlage","tag-kaeltetechnik","tag-nachhaltigkeit"],"_links":{"self":[{"href":"https:\/\/www.compact-kaeltetechnik.de\/de\/wp-json\/wp\/v2\/posts\/26752","targetHints":{"allow":["GET"]}}],"collection":[{"href":"https:\/\/www.compact-kaeltetechnik.de\/de\/wp-json\/wp\/v2\/posts"}],"about":[{"href":"https:\/\/www.compact-kaeltetechnik.de\/de\/wp-json\/wp\/v2\/types\/post"}],"author":[{"embeddable":true,"href":"https:\/\/www.compact-kaeltetechnik.de\/de\/wp-json\/wp\/v2\/users\/291"}],"replies":[{"embeddable":true,"href":"https:\/\/www.compact-kaeltetechnik.de\/de\/wp-json\/wp\/v2\/comments?post=26752"}],"version-history":[{"count":32,"href":"https:\/\/www.compact-kaeltetechnik.de\/de\/wp-json\/wp\/v2\/posts\/26752\/revisions"}],"predecessor-version":[{"id":26829,"href":"https:\/\/www.compact-kaeltetechnik.de\/de\/wp-json\/wp\/v2\/posts\/26752\/revisions\/26829"}],"wp:featuredmedia":[{"embeddable":true,"href":"https:\/\/www.compact-kaeltetechnik.de\/de\/wp-json\/wp\/v2\/media\/26758"}],"wp:attachment":[{"href":"https:\/\/www.compact-kaeltetechnik.de\/de\/wp-json\/wp\/v2\/media?parent=26752"}],"wp:term":[{"taxonomy":"category","embeddable":true,"href":"https:\/\/www.compact-kaeltetechnik.de\/de\/wp-json\/wp\/v2\/categories?post=26752"},{"taxonomy":"post_tag","embeddable":true,"href":"https:\/\/www.compact-kaeltetechnik.de\/de\/wp-json\/wp\/v2\/tags?post=26752"}],"curies":[{"name":"wp","href":"https:\/\/api.w.org\/{rel}","templated":true}]}}