{"id":21011,"date":"2024-10-28T11:48:50","date_gmt":"2024-10-28T10:48:50","guid":{"rendered":"https:\/\/www.compact-kaeltetechnik.de\/?p=21011"},"modified":"2024-11-19T15:07:17","modified_gmt":"2024-11-19T14:07:17","slug":"chillventa-2024","status":"publish","type":"post","link":"https:\/\/www.compact-kaeltetechnik.de\/de\/news\/chillventa-2024\/","title":{"rendered":"Chillventa 2024"},"content":{"rendered":"<div class=\"fusion-fullwidth fullwidth-box fusion-builder-row-1 fusion-flex-container nonhundred-percent-fullwidth non-hundred-percent-height-scrolling\" style=\"--awb-border-radius-top-left:0px;--awb-border-radius-top-right:0px;--awb-border-radius-bottom-right:0px;--awb-border-radius-bottom-left:0px;--awb-padding-top:0px;--awb-flex-wrap:wrap;\" ><div class=\"fusion-builder-row fusion-row fusion-flex-align-items-flex-start fusion-flex-content-wrap\" style=\"max-width:1248px;margin-left: calc(-4% \/ 2 );margin-right: calc(-4% \/ 2 );\"><div class=\"fusion-layout-column fusion_builder_column fusion-builder-column-0 fusion_builder_column_1_1 1_1 fusion-flex-column\" style=\"--awb-bg-size:cover;--awb-width-large:100%;--awb-margin-top-large:0px;--awb-spacing-right-large:1.92%;--awb-margin-bottom-large:2%;--awb-spacing-left-large:1.92%;--awb-width-medium:100%;--awb-order-medium:0;--awb-spacing-right-medium:1.92%;--awb-spacing-left-medium:1.92%;--awb-width-small:100%;--awb-order-small:0;--awb-spacing-right-small:1.92%;--awb-spacing-left-small:1.92%;\"><div class=\"fusion-column-wrapper fusion-column-has-shadow fusion-flex-justify-content-flex-start fusion-content-layout-column\"><div class=\"fusion-title title fusion-title-1 fusion-sep-none fusion-title-text fusion-title-size-two\" style=\"--awb-margin-top-small:0px;--awb-margin-right-small:0px;--awb-margin-bottom-small:20px;--awb-margin-left-small:0px;\"><h2 class=\"fusion-title-heading title-heading-left fusion-responsive-typography-calculated\" style=\"margin:0;--fontSize:32;line-height:1.2;\"><h2><span style=\"color: #000000;\"><strong>Energieeffizienz, Nachhaltigkeit und Digitalisierung als Branchentrends<\/strong><\/span><\/h2><\/h2><\/div><\/div><\/div><div class=\"fusion-layout-column fusion_builder_column fusion-builder-column-1 fusion_builder_column_1_3 1_3 fusion-flex-column\" style=\"--awb-bg-size:cover;--awb-width-large:33.333333333333%;--awb-margin-top-large:0px;--awb-spacing-right-large:5.76%;--awb-margin-bottom-large:2%;--awb-spacing-left-large:5.76%;--awb-width-medium:100%;--awb-order-medium:0;--awb-spacing-right-medium:1.92%;--awb-spacing-left-medium:1.92%;--awb-width-small:100%;--awb-order-small:0;--awb-spacing-right-small:1.92%;--awb-spacing-left-small:1.92%;\"><div class=\"fusion-column-wrapper fusion-column-has-shadow fusion-flex-justify-content-flex-start fusion-content-layout-column\"><div class=\"fusion-image-element \" style=\"--awb-caption-title-font-family:var(--h2_typography-font-family);--awb-caption-title-font-weight:var(--h2_typography-font-weight);--awb-caption-title-font-style:var(--h2_typography-font-style);--awb-caption-title-size:var(--h2_typography-font-size);--awb-caption-title-transform:var(--h2_typography-text-transform);--awb-caption-title-line-height:var(--h2_typography-line-height);--awb-caption-title-letter-spacing:var(--h2_typography-letter-spacing);\"><span class=\" fusion-imageframe imageframe-none imageframe-1 hover-type-none\"><a href=\"https:\/\/www.compact-kaeltetechnik.de\/wp-content\/uploads\/2024\/10\/01-Chillventa-2024-compact-111-1-scaled.jpg\" class=\"fusion-lightbox\" data-rel=\"iLightbox[726f4f5deaa46d88f55]\" data-title=\"01 &#8211; Chillventa-2024-compact (111)\" title=\"01 &#8211; Chillventa-2024-compact (111)\"><img decoding=\"async\" width=\"2560\" height=\"1708\" alt=\"Chillventa 2024 gemeinsam am Puls der Branche\" src=\"https:\/\/www.compact-kaeltetechnik.de\/wp-content\/uploads\/2024\/10\/01-Chillventa-2024-compact-111-1-scaled.jpg\" data-orig-src=\"https:\/\/www.compact-kaeltetechnik.de\/wp-content\/uploads\/2024\/10\/01-Chillventa-2024-compact-111-1-scaled.jpg\" class=\"lazyload img-responsive wp-image-21525\" srcset=\"data:image\/svg+xml,%3Csvg%20xmlns%3D%27http%3A%2F%2Fwww.w3.org%2F2000%2Fsvg%27%20width%3D%272560%27%20height%3D%271708%27%20viewBox%3D%270%200%202560%201708%27%3E%3Crect%20width%3D%272560%27%20height%3D%271708%27%20fill-opacity%3D%220%22%2F%3E%3C%2Fsvg%3E\" data-srcset=\"https:\/\/www.compact-kaeltetechnik.de\/wp-content\/uploads\/2024\/10\/01-Chillventa-2024-compact-111-1-200x133.jpg 200w, https:\/\/www.compact-kaeltetechnik.de\/wp-content\/uploads\/2024\/10\/01-Chillventa-2024-compact-111-1-400x267.jpg 400w, https:\/\/www.compact-kaeltetechnik.de\/wp-content\/uploads\/2024\/10\/01-Chillventa-2024-compact-111-1-600x400.jpg 600w, https:\/\/www.compact-kaeltetechnik.de\/wp-content\/uploads\/2024\/10\/01-Chillventa-2024-compact-111-1-800x534.jpg 800w, https:\/\/www.compact-kaeltetechnik.de\/wp-content\/uploads\/2024\/10\/01-Chillventa-2024-compact-111-1-1200x800.jpg 1200w, https:\/\/www.compact-kaeltetechnik.de\/wp-content\/uploads\/2024\/10\/01-Chillventa-2024-compact-111-1-scaled.jpg 2560w\" data-sizes=\"auto\" data-orig-sizes=\"(max-width: 1300px) 100vw, (max-width: 640px) 100vw, 400px\" \/><\/a><\/span><\/div><div class=\"fusion-separator fusion-full-width-sep\" style=\"align-self: center;margin-left: auto;margin-right: auto;margin-top:1em;width:100%;\"><\/div><\/div><\/div><div class=\"fusion-layout-column fusion_builder_column fusion-builder-column-2 fusion_builder_column_2_3 2_3 fusion-flex-column\" style=\"--awb-padding-left:0px;--awb-bg-size:cover;--awb-width-large:66.666666666667%;--awb-margin-top-large:0px;--awb-spacing-right-large:2.88%;--awb-margin-bottom-large:2%;--awb-spacing-left-large:2.88%;--awb-width-medium:100%;--awb-order-medium:0;--awb-spacing-right-medium:1.92%;--awb-spacing-left-medium:1.92%;--awb-width-small:100%;--awb-order-small:0;--awb-spacing-right-small:1.92%;--awb-spacing-left-small:1.92%;\" data-scroll-devices=\"small-visibility,medium-visibility,large-visibility\"><div class=\"fusion-column-wrapper fusion-column-has-shadow fusion-flex-justify-content-flex-start fusion-content-layout-column\"><div class=\"fusion-text fusion-text-1\"><p>Die Chillventa 2024 hat erneut ihre Position als f\u00fchrende Plattform der internationalen K\u00e4lte-, Klima-, L\u00fcftungs- und W\u00e4rmepumpenbranche unter Beweis gestellt. Als einer von mehr als 1.000 Ausstellern nutzten wir die Gelegenheit, zukunftsweisende Entwicklungen und innovative digitale L\u00f6sungen zu pr\u00e4sentieren. Im Austausch mit Kunden, Partnern und Fachkollegen konnten wir wertvolle R\u00fcckmeldungen zu unseren Ideen sammeln und einen tiefen Einblick in die aktuellen Herausforderungen und Priorit\u00e4ten der Branche gewinnen. Die Messe bot eine F\u00fclle an Inspiration und erm\u00f6glichte uns spannende neue Kontakte, die wir mit einer klaren Vision f\u00fcr die Zukunft im Gep\u00e4ck mitnehmen.<\/p>\n<\/div><\/div><\/div><div class=\"fusion-layout-column fusion_builder_column fusion-builder-column-3 fusion_builder_column_1_1 1_1 fusion-flex-column\" style=\"--awb-bg-size:cover;--awb-width-large:100%;--awb-margin-top-large:0px;--awb-spacing-right-large:1.92%;--awb-margin-bottom-large:2%;--awb-spacing-left-large:1.92%;--awb-width-medium:100%;--awb-order-medium:0;--awb-spacing-right-medium:1.92%;--awb-spacing-left-medium:1.92%;--awb-width-small:100%;--awb-order-small:0;--awb-spacing-right-small:1.92%;--awb-spacing-left-small:1.92%;\"><div class=\"fusion-column-wrapper fusion-column-has-shadow fusion-flex-justify-content-flex-start fusion-content-layout-column\"><div class=\"fusion-content-boxes content-boxes columns row fusion-columns-1 fusion-columns-total-1 fusion-content-boxes-1 content-boxes-timeline-horizontal content-left content-boxes-icon-on-top content-boxes-timeline-layout fusion-delayed-animation\" style=\"--awb-backgroundcolor:var(--awb-color2);--awb-margin-top:1.2em;--awb-margin-bottom:0px;--awb-hover-accent-color:var(--awb-color7);--awb-circle-hover-accent-color:var(--awb-color7);--awb-item-margin-bottom:40px;\" data-animation-delay=\"350\" data-animationOffset=\"top-into-view\"><div style=\"--awb-backgroundcolor:var(--awb-color2);\" class=\"fusion-column content-box-column content-box-column content-box-column-1 col-lg-12 col-md-12 col-sm-12 fusion-content-box-hover content-box-column-last content-box-column-last-in-row\"><div class=\"col content-box-wrapper content-wrapper-background link-area-link-icon icon-hover-animation-fade fusion-animated\" data-animationType=\"fadeIn\" data-animationDuration=\"0.25\" data-animationOffset=\"top-into-view\"><div class=\"fusion-clearfix\"><\/div><div class=\"content-container\">\n<h3 style=\"text-align: center;\"><strong>Nachhaltigkeit und Effizienz als zentrale Branchenschwerpunkte<\/strong><\/h3>\n<p style=\"text-align: center;\">In den Gespr\u00e4chen mit Besuchern wurde deutlich, dass Nachhaltigkeit und Energieeffizienz nach wie vor die zentralen Themen der K\u00e4ltebranche sind. Gefragt sind L\u00f6sungen, die den Energieverbrauch sp\u00fcrbar senken und gleichzeitig wirtschaftlich tragf\u00e4hig und umweltschonend sind. Besonders im Fokus standen flexible Systeme, die sich an wandelnde Anforderungen anpassen lassen und dennoch Effizienzgewinne erm\u00f6glichen \u2013 eine Anforderung, die uns in der Entwicklung unserer Produkte und Technologien stets begleitet.<\/p>\n<\/div><\/div><\/div><div class=\"fusion-clearfix\"><\/div><\/div><\/div><\/div><div class=\"fusion-layout-column fusion_builder_column fusion-builder-column-4 fusion_builder_column_2_3 2_3 fusion-flex-column\" style=\"--awb-bg-size:cover;--awb-width-large:66.666666666667%;--awb-margin-top-large:0px;--awb-spacing-right-large:2.88%;--awb-margin-bottom-large:2%;--awb-spacing-left-large:2.88%;--awb-width-medium:100%;--awb-order-medium:0;--awb-spacing-right-medium:1.92%;--awb-spacing-left-medium:1.92%;--awb-width-small:100%;--awb-order-small:0;--awb-spacing-right-small:1.92%;--awb-spacing-left-small:1.92%;\"><div class=\"fusion-column-wrapper fusion-column-has-shadow fusion-flex-justify-content-flex-start fusion-content-layout-column\"><div class=\"fusion-text fusion-text-2\" style=\"--awb-content-alignment:left;\"><h2><strong>Unsere Messe-Highlights und die Resonanz der Branche<\/strong><\/h2>\n<p>Einige unserer Produktneuheiten und digitalen Tools sorgten f\u00fcr besonders positive Resonanz:<\/p>\n<h3 style=\"padding-bottom: 0;\"><strong>1. Online-Konfigurationstool f\u00fcr CO\u2082-K\u00e4ltemaschinen <\/strong><span style=\"color: #009fdf;\"><a style=\"color: #009fdf;\" href=\"https:\/\/www.compact-kaeltetechnik.de\/de\/konfiguratoren\/\"><strong>*<\/strong><strong>c<\/strong><strong><em>martR-tool<\/em><\/strong><\/a><\/span><\/h3>\n<p>Unser neues Online-Konfigurationstool f\u00fcr CO\u2082-K\u00e4ltemaschinen fand gro\u00dfen Anklang bei den Messebesuchern. Es erm\u00f6glicht die flexible Anpassung von K\u00e4ltesystemen an spezifische Anforderungen \u2013 mobil und intuitiv bedienbar. Die einfache Benutzerf\u00fchrung \u00fcberzeugte und zeigt, dass Effizienzsteigerungen bereits in der Planungsphase beginnen k\u00f6nnen. Durch das direkte Feedback unserer Kunden haben wir wertvolle Erkenntnisse gewonnen, die wir in die Weiterentwicklung des Tools einflie\u00dfen lassen, um die Effizienz in Planung und Betrieb weiter zu steigern.<\/p>\n<h3><strong>2. CO\u2082-Ejektor <\/strong><a href=\"https:\/\/www.compact-kaeltetechnik.de\/de\/anlage\/c-ejector\/\"><span style=\"color: #00ffff;\"><strong><span style=\"color: #009fdf;\">EJCO2 <\/span><\/strong><\/span><\/a><strong>f\u00fcr mehr Effizienz im Alltag<\/strong><\/h3>\n<p>Ein weiteres Highlight war unser neuer CO\u2082-Ejektor \u201eEJCO\u2082\u201c, der als kompakte L\u00f6sung zur Energieeinsparung entwickelt wurde. Der Ejektor nutzt eine optimierte Druckentlastung, um den Energieverbrauch in bestehenden Anlagen effizient zu reduzieren. Erste Pilotprojekte best\u00e4tigen die Praxistauglichkeit und belegen sp\u00fcrbare Effizienzgewinne. Diese Entwicklung ist eine Antwort auf den stetig steigenden Bedarf an wirkungsvollen und nachhaltigen L\u00f6sungen zur Senkung von Betriebs- und Energiekosten.<\/p>\n<h3><strong>3. Ma\u00dfgeschneiderte Technologie f\u00fcr<\/strong> <span style=\"color: #009fdf;\"><strong>CERN<\/strong><\/span><strong><span style=\"color: #009fdf;\">:<\/span> Ein Projekt mit Signalwirkung<\/strong><\/h3>\n<p>Eine ma\u00dfgeschneiderte Sonder-K\u00e4lteanlage f\u00fcr das CERN-Projekt war ein weiteres Messehighlight. Diese Technologie repr\u00e4sentiert unsere F\u00e4higkeit, auch bei komplexen und anspruchsvollen Projekten h\u00f6chste Pr\u00e4zision und Leistungsf\u00e4higkeit zu gew\u00e4hrleisten. Die Fachwelt zeigte gro\u00dfes Interesse an den technischen Details und der ma\u00dfgeschneiderten Herangehensweise, die speziell auf die einzigartigen Anforderungen des CERN ausgelegt ist. Das starke Feedback verdeutlicht den Bedarf an hochspezifischen, flexiblen und leistungsstarken L\u00f6sungen, die \u00fcber Standardsysteme hinausgehen.<\/p>\n<h3><strong>4. Engagement f\u00fcr den Nachwuchs: <\/strong><span style=\"color: #009fdf;\"><strong>Ausgezeichnete Ausbildungsqualit\u00e4t<\/strong><\/span><\/h3>\n<p>Neben technologischen Innovationen war auch die Anerkennung unserer Ausbildungsqualit\u00e4t ein besonderer Moment. Der Ausbilderpreis des Bundesinnungsverbands des Deutschen K\u00e4lteanlagenhandwerks unterstreicht unser Engagement f\u00fcr die F\u00f6rderung qualifizierten Nachwuchses und die Zukunftsf\u00e4higkeit der Branche. Im Austausch \u00fcber dieses Thema wurde uns einmal mehr die Bedeutung einer fundierten Ausbildung bewusst. Die Auszeichnung best\u00e4rkt uns, weiter in die Entwicklung der n\u00e4chsten Generation von Fachkr\u00e4ften zu investieren.<\/p>\n<\/div><div class=\"fusion-content-boxes content-boxes columns row fusion-columns-1 fusion-columns-total-1 fusion-content-boxes-2 content-boxes-icon-with-title content-left\" style=\"--awb-backgroundcolor:var(--awb-color2);--awb-hover-accent-color:var(--awb-color7);--awb-circle-hover-accent-color:var(--awb-color7);--awb-item-margin-bottom:40px;\" data-animationOffset=\"top-into-view\"><div style=\"--awb-backgroundcolor:var(--awb-color2);\" class=\"fusion-column content-box-column content-box-column content-box-column-1 col-lg-12 col-md-12 col-sm-12 fusion-content-box-hover content-box-column-last content-box-column-last-in-row\"><div class=\"col content-box-wrapper content-wrapper-background link-area-link-icon icon-hover-animation-fade\" data-animationOffset=\"top-into-view\"><div class=\"fusion-clearfix\"><\/div><div class=\"content-container\">\n<h5>Weitere Informationen zum Ausbilderpreis 2024 gibt es unter folgenden externen Links:<\/h5>\n<p><a href=\"https:\/\/www.biv-kaelte.de\/neuigkeiten-detailseite\/newsletter-no-203\" target=\"_blank\" rel=\"noopener\">https:\/\/www.biv-kaelte.de\/neuigkeiten-detailseite\/newsletter-no-203<\/a><br \/>\n<a href=\"https:\/\/www.diekaelte.de\/aktuelles-aus-der-branche\/biv-ausbilderpreis-2024-geht-nach-sachsen\" target=\"_blank\" rel=\"noopener\">https:\/\/www.diekaelte.de\/aktuelles-aus-der-branche\/biv-ausbilderpreis-2024-geht-nach-sachsen<\/a><br \/>\n<a href=\"https:\/\/www.kka-online.info\/news\/deutsche-meisterschaft-und-ausbilderpreis-2024-4162804.html\" target=\"_blank\" rel=\"noopener\">https:\/\/www.kka-online.info\/news\/deutsche-meisterschaft-und-ausbilderpreis-2024-4162804.html<\/a><br \/>\n<a href=\"https:\/\/cci-dialog.de\/der-biv-ausbildungspreis-2024-geht-nach-sachsen-cci_branchenticker\/\" target=\"_blank\" rel=\"noopener\">https:\/\/cci-dialog.de\/der-biv-ausbildungspreis-2024-geht-nach-sachsen-cci_branchenticker\/<\/a><\/p>\n<\/div><\/div><\/div><div class=\"fusion-clearfix\"><\/div><\/div><div class=\"fusion-text fusion-text-3\"><h3><strong>Fazit und Ausblick: Ihre Impulse als Wegweiser<\/strong><\/h3>\n<p>Die Chillventa 2024 hat erneut bewiesen, wie wichtig der Dialog mit Kunden und Branchenexperten f\u00fcr die Weiterentwicklung unserer Produkte ist. Die zahlreichen Anregungen, Fragen und das konstruktive Feedback unserer Besucher haben uns wertvolle Perspektiven er\u00f6ffnet. Unser Dank gilt allen, die uns besucht und durch ihre R\u00fcckmeldungen inspiriert haben.<\/p>\n<p>F\u00fcr R\u00fcckfragen oder Projektanfragen stehen wir Ihnen gerne jederzeit zur Verf\u00fcgung. <strong>Lassen Sie uns die Zukunft der K\u00e4ltetechnik gemeinsam gestalten \u2013 mit Fokus auf Effizienz, Nachhaltigkeit und Ihre individuellen Bed\u00fcrfnisse.<\/strong><\/p>\n<\/div><\/div><\/div><div class=\"fusion-layout-column fusion_builder_column fusion-builder-column-5 fusion_builder_column_1_3 1_3 fusion-flex-column\" style=\"--awb-bg-size:cover;--awb-width-large:33.333333333333%;--awb-margin-top-large:0px;--awb-spacing-right-large:5.76%;--awb-margin-bottom-large:2%;--awb-spacing-left-large:5.76%;--awb-width-medium:100%;--awb-order-medium:0;--awb-spacing-right-medium:1.92%;--awb-spacing-left-medium:1.92%;--awb-width-small:100%;--awb-order-small:0;--awb-spacing-right-small:1.92%;--awb-spacing-left-small:1.92%;\"><div class=\"fusion-column-wrapper fusion-column-has-shadow fusion-flex-justify-content-flex-start fusion-content-layout-column\"><div class=\"fusion-separator fusion-full-width-sep\" style=\"align-self: center;margin-left: auto;margin-right: auto;margin-bottom:1em;width:100%;\"><\/div><div class=\"fusion-image-element \" style=\"--awb-caption-title-font-family:var(--h2_typography-font-family);--awb-caption-title-font-weight:var(--h2_typography-font-weight);--awb-caption-title-font-style:var(--h2_typography-font-style);--awb-caption-title-size:var(--h2_typography-font-size);--awb-caption-title-transform:var(--h2_typography-text-transform);--awb-caption-title-line-height:var(--h2_typography-line-height);--awb-caption-title-letter-spacing:var(--h2_typography-letter-spacing);\"><span class=\" fusion-imageframe imageframe-none imageframe-2 hover-type-none\"><a href=\"https:\/\/www.compact-kaeltetechnik.de\/wp-content\/uploads\/2024\/10\/Chillventa-2024-compact-71-scaled.jpg\" class=\"fusion-lightbox\" data-rel=\"iLightbox[e3e4278933519155a22]\" data-title=\"Chillventa-2024-compact (71)\" title=\"Chillventa-2024-compact (71)\"><img decoding=\"async\" width=\"2560\" height=\"1920\" src=\"https:\/\/www.compact-kaeltetechnik.de\/wp-content\/uploads\/2024\/10\/Chillventa-2024-compact-71-scaled.jpg\" data-orig-src=\"https:\/\/www.compact-kaeltetechnik.de\/wp-content\/uploads\/2024\/10\/Chillventa-2024-compact-71-scaled.jpg\" alt class=\"lazyload img-responsive wp-image-21259\" srcset=\"data:image\/svg+xml,%3Csvg%20xmlns%3D%27http%3A%2F%2Fwww.w3.org%2F2000%2Fsvg%27%20width%3D%272560%27%20height%3D%271920%27%20viewBox%3D%270%200%202560%201920%27%3E%3Crect%20width%3D%272560%27%20height%3D%271920%27%20fill-opacity%3D%220%22%2F%3E%3C%2Fsvg%3E\" data-srcset=\"https:\/\/www.compact-kaeltetechnik.de\/wp-content\/uploads\/2024\/10\/Chillventa-2024-compact-71-200x150.jpg 200w, https:\/\/www.compact-kaeltetechnik.de\/wp-content\/uploads\/2024\/10\/Chillventa-2024-compact-71-400x300.jpg 400w, https:\/\/www.compact-kaeltetechnik.de\/wp-content\/uploads\/2024\/10\/Chillventa-2024-compact-71-600x450.jpg 600w, https:\/\/www.compact-kaeltetechnik.de\/wp-content\/uploads\/2024\/10\/Chillventa-2024-compact-71-800x600.jpg 800w, https:\/\/www.compact-kaeltetechnik.de\/wp-content\/uploads\/2024\/10\/Chillventa-2024-compact-71-1200x900.jpg 1200w, https:\/\/www.compact-kaeltetechnik.de\/wp-content\/uploads\/2024\/10\/Chillventa-2024-compact-71-scaled.jpg 2560w\" data-sizes=\"auto\" data-orig-sizes=\"(max-width: 1300px) 100vw, (max-width: 640px) 100vw, 400px\" \/><\/a><\/span><\/div><div class=\"fusion-separator fusion-full-width-sep\" style=\"align-self: center;margin-left: auto;margin-right: auto;width:100%;\"><div class=\"fusion-separator-border sep-double\" style=\"--awb-height:20px;--awb-amount:20px;border-color:#e0dede;border-top-width:1px;border-bottom-width:1px;\"><\/div><\/div><div class=\"fusion-image-element \" style=\"--awb-caption-title-font-family:var(--h2_typography-font-family);--awb-caption-title-font-weight:var(--h2_typography-font-weight);--awb-caption-title-font-style:var(--h2_typography-font-style);--awb-caption-title-size:var(--h2_typography-font-size);--awb-caption-title-transform:var(--h2_typography-text-transform);--awb-caption-title-line-height:var(--h2_typography-line-height);--awb-caption-title-letter-spacing:var(--h2_typography-letter-spacing);\"><span class=\" fusion-imageframe imageframe-none imageframe-3 hover-type-none\"><a href=\"https:\/\/www.compact-kaeltetechnik.de\/wp-content\/uploads\/2024\/10\/Chillventa-2024-compact-88-scaled.jpg\" class=\"fusion-lightbox\" data-rel=\"iLightbox[57eea6bbe143fcc8e82]\" data-title=\"Chillventa-2024-compact (88)\" title=\"Chillventa-2024-compact (88)\"><img decoding=\"async\" width=\"2560\" height=\"1440\" src=\"https:\/\/www.compact-kaeltetechnik.de\/wp-content\/uploads\/2024\/10\/Chillventa-2024-compact-88-scaled.jpg\" data-orig-src=\"https:\/\/www.compact-kaeltetechnik.de\/wp-content\/uploads\/2024\/10\/Chillventa-2024-compact-88-scaled.jpg\" alt class=\"lazyload img-responsive wp-image-21310\" srcset=\"data:image\/svg+xml,%3Csvg%20xmlns%3D%27http%3A%2F%2Fwww.w3.org%2F2000%2Fsvg%27%20width%3D%272560%27%20height%3D%271440%27%20viewBox%3D%270%200%202560%201440%27%3E%3Crect%20width%3D%272560%27%20height%3D%271440%27%20fill-opacity%3D%220%22%2F%3E%3C%2Fsvg%3E\" data-srcset=\"https:\/\/www.compact-kaeltetechnik.de\/wp-content\/uploads\/2024\/10\/Chillventa-2024-compact-88-200x113.jpg 200w, https:\/\/www.compact-kaeltetechnik.de\/wp-content\/uploads\/2024\/10\/Chillventa-2024-compact-88-400x225.jpg 400w, https:\/\/www.compact-kaeltetechnik.de\/wp-content\/uploads\/2024\/10\/Chillventa-2024-compact-88-600x338.jpg 600w, https:\/\/www.compact-kaeltetechnik.de\/wp-content\/uploads\/2024\/10\/Chillventa-2024-compact-88-800x450.jpg 800w, https:\/\/www.compact-kaeltetechnik.de\/wp-content\/uploads\/2024\/10\/Chillventa-2024-compact-88-1200x675.jpg 1200w, https:\/\/www.compact-kaeltetechnik.de\/wp-content\/uploads\/2024\/10\/Chillventa-2024-compact-88-scaled.jpg 2560w\" data-sizes=\"auto\" data-orig-sizes=\"(max-width: 1300px) 100vw, (max-width: 640px) 100vw, 400px\" \/><\/a><\/span><\/div><div class=\"fusion-separator fusion-full-width-sep\" style=\"align-self: center;margin-left: auto;margin-right: auto;width:100%;\"><div class=\"fusion-separator-border sep-double\" style=\"--awb-height:20px;--awb-amount:20px;border-color:#e0dede;border-top-width:1px;border-bottom-width:1px;\"><\/div><\/div><div class=\"fusion-image-element \" style=\"--awb-caption-title-font-family:var(--h2_typography-font-family);--awb-caption-title-font-weight:var(--h2_typography-font-weight);--awb-caption-title-font-style:var(--h2_typography-font-style);--awb-caption-title-size:var(--h2_typography-font-size);--awb-caption-title-transform:var(--h2_typography-text-transform);--awb-caption-title-line-height:var(--h2_typography-line-height);--awb-caption-title-letter-spacing:var(--h2_typography-letter-spacing);\"><span class=\" fusion-imageframe imageframe-none imageframe-4 hover-type-none\"><a href=\"https:\/\/www.compact-kaeltetechnik.de\/wp-content\/uploads\/2024\/10\/Chillventa-2024-compact-55-scaled.jpg\" class=\"fusion-lightbox\" data-rel=\"iLightbox[7a44ba614c900c99dfc]\" data-title=\"Chillventa-2024-compact (55)\" title=\"Chillventa-2024-compact (55)\"><img decoding=\"async\" width=\"2560\" height=\"1920\" src=\"https:\/\/www.compact-kaeltetechnik.de\/wp-content\/uploads\/2024\/10\/Chillventa-2024-compact-55-scaled.jpg\" data-orig-src=\"https:\/\/www.compact-kaeltetechnik.de\/wp-content\/uploads\/2024\/10\/Chillventa-2024-compact-55-scaled.jpg\" alt class=\"lazyload img-responsive wp-image-21211\" srcset=\"data:image\/svg+xml,%3Csvg%20xmlns%3D%27http%3A%2F%2Fwww.w3.org%2F2000%2Fsvg%27%20width%3D%272560%27%20height%3D%271920%27%20viewBox%3D%270%200%202560%201920%27%3E%3Crect%20width%3D%272560%27%20height%3D%271920%27%20fill-opacity%3D%220%22%2F%3E%3C%2Fsvg%3E\" data-srcset=\"https:\/\/www.compact-kaeltetechnik.de\/wp-content\/uploads\/2024\/10\/Chillventa-2024-compact-55-200x150.jpg 200w, https:\/\/www.compact-kaeltetechnik.de\/wp-content\/uploads\/2024\/10\/Chillventa-2024-compact-55-400x300.jpg 400w, https:\/\/www.compact-kaeltetechnik.de\/wp-content\/uploads\/2024\/10\/Chillventa-2024-compact-55-600x450.jpg 600w, https:\/\/www.compact-kaeltetechnik.de\/wp-content\/uploads\/2024\/10\/Chillventa-2024-compact-55-800x600.jpg 800w, https:\/\/www.compact-kaeltetechnik.de\/wp-content\/uploads\/2024\/10\/Chillventa-2024-compact-55-1200x900.jpg 1200w, https:\/\/www.compact-kaeltetechnik.de\/wp-content\/uploads\/2024\/10\/Chillventa-2024-compact-55-scaled.jpg 2560w\" data-sizes=\"auto\" data-orig-sizes=\"(max-width: 1300px) 100vw, (max-width: 640px) 100vw, 400px\" \/><\/a><\/span><\/div><div class=\"fusion-separator fusion-full-width-sep\" style=\"align-self: center;margin-left: auto;margin-right: auto;width:100%;\"><div class=\"fusion-separator-border sep-double\" style=\"--awb-height:20px;--awb-amount:20px;border-color:#e0dede;border-top-width:1px;border-bottom-width:1px;\"><\/div><\/div><div class=\"fusion-image-element \" style=\"--awb-caption-title-font-family:var(--h2_typography-font-family);--awb-caption-title-font-weight:var(--h2_typography-font-weight);--awb-caption-title-font-style:var(--h2_typography-font-style);--awb-caption-title-size:var(--h2_typography-font-size);--awb-caption-title-transform:var(--h2_typography-text-transform);--awb-caption-title-line-height:var(--h2_typography-line-height);--awb-caption-title-letter-spacing:var(--h2_typography-letter-spacing);\"><span class=\" fusion-imageframe imageframe-none imageframe-5 hover-type-none\"><a href=\"https:\/\/www.compact-kaeltetechnik.de\/wp-content\/uploads\/2024\/10\/Chillventa-2024-compact-38-1-scaled.jpg\" class=\"fusion-lightbox\" data-rel=\"iLightbox[38bec0c7a6658783cb8]\" data-title=\"Chillventa-2024-compact (38-1)\" title=\"Chillventa-2024-compact (38-1)\"><img decoding=\"async\" width=\"2560\" height=\"1920\" src=\"https:\/\/www.compact-kaeltetechnik.de\/wp-content\/uploads\/2024\/10\/Chillventa-2024-compact-38-1-scaled.jpg\" data-orig-src=\"https:\/\/www.compact-kaeltetechnik.de\/wp-content\/uploads\/2024\/10\/Chillventa-2024-compact-38-1-scaled.jpg\" alt class=\"lazyload img-responsive wp-image-21529\" srcset=\"data:image\/svg+xml,%3Csvg%20xmlns%3D%27http%3A%2F%2Fwww.w3.org%2F2000%2Fsvg%27%20width%3D%272560%27%20height%3D%271920%27%20viewBox%3D%270%200%202560%201920%27%3E%3Crect%20width%3D%272560%27%20height%3D%271920%27%20fill-opacity%3D%220%22%2F%3E%3C%2Fsvg%3E\" data-srcset=\"https:\/\/www.compact-kaeltetechnik.de\/wp-content\/uploads\/2024\/10\/Chillventa-2024-compact-38-1-200x150.jpg 200w, https:\/\/www.compact-kaeltetechnik.de\/wp-content\/uploads\/2024\/10\/Chillventa-2024-compact-38-1-400x300.jpg 400w, https:\/\/www.compact-kaeltetechnik.de\/wp-content\/uploads\/2024\/10\/Chillventa-2024-compact-38-1-600x450.jpg 600w, https:\/\/www.compact-kaeltetechnik.de\/wp-content\/uploads\/2024\/10\/Chillventa-2024-compact-38-1-800x600.jpg 800w, https:\/\/www.compact-kaeltetechnik.de\/wp-content\/uploads\/2024\/10\/Chillventa-2024-compact-38-1-1200x900.jpg 1200w, https:\/\/www.compact-kaeltetechnik.de\/wp-content\/uploads\/2024\/10\/Chillventa-2024-compact-38-1-scaled.jpg 2560w\" data-sizes=\"auto\" data-orig-sizes=\"(max-width: 1300px) 100vw, (max-width: 640px) 100vw, 400px\" \/><\/a><\/span><\/div><div class=\"fusion-separator fusion-full-width-sep\" style=\"align-self: center;margin-left: auto;margin-right: auto;width:100%;\"><div class=\"fusion-separator-border sep-double\" style=\"--awb-height:20px;--awb-amount:20px;border-color:#e0dede;border-top-width:1px;border-bottom-width:1px;\"><\/div><\/div><div class=\"fusion-image-element \" style=\"--awb-caption-title-font-family:var(--h2_typography-font-family);--awb-caption-title-font-weight:var(--h2_typography-font-weight);--awb-caption-title-font-style:var(--h2_typography-font-style);--awb-caption-title-size:var(--h2_typography-font-size);--awb-caption-title-transform:var(--h2_typography-text-transform);--awb-caption-title-line-height:var(--h2_typography-line-height);--awb-caption-title-letter-spacing:var(--h2_typography-letter-spacing);\"><span class=\" fusion-imageframe imageframe-none imageframe-6 hover-type-none\"><a href=\"https:\/\/www.compact-kaeltetechnik.de\/wp-content\/uploads\/2024\/10\/Chillventa-2024-compact-33-scaled.jpg\" class=\"fusion-lightbox\" data-rel=\"iLightbox[4ec03e64aafc9ec4165]\" data-title=\"Chillventa-2024-compact (33)\" title=\"Chillventa-2024-compact (33)\"><img decoding=\"async\" width=\"2560\" height=\"1920\" src=\"https:\/\/www.compact-kaeltetechnik.de\/wp-content\/uploads\/2024\/10\/Chillventa-2024-compact-33-scaled.jpg\" data-orig-src=\"https:\/\/www.compact-kaeltetechnik.de\/wp-content\/uploads\/2024\/10\/Chillventa-2024-compact-33-scaled.jpg\" alt class=\"lazyload img-responsive wp-image-21145\" srcset=\"data:image\/svg+xml,%3Csvg%20xmlns%3D%27http%3A%2F%2Fwww.w3.org%2F2000%2Fsvg%27%20width%3D%272560%27%20height%3D%271920%27%20viewBox%3D%270%200%202560%201920%27%3E%3Crect%20width%3D%272560%27%20height%3D%271920%27%20fill-opacity%3D%220%22%2F%3E%3C%2Fsvg%3E\" data-srcset=\"https:\/\/www.compact-kaeltetechnik.de\/wp-content\/uploads\/2024\/10\/Chillventa-2024-compact-33-200x150.jpg 200w, https:\/\/www.compact-kaeltetechnik.de\/wp-content\/uploads\/2024\/10\/Chillventa-2024-compact-33-400x300.jpg 400w, https:\/\/www.compact-kaeltetechnik.de\/wp-content\/uploads\/2024\/10\/Chillventa-2024-compact-33-600x450.jpg 600w, https:\/\/www.compact-kaeltetechnik.de\/wp-content\/uploads\/2024\/10\/Chillventa-2024-compact-33-800x600.jpg 800w, https:\/\/www.compact-kaeltetechnik.de\/wp-content\/uploads\/2024\/10\/Chillventa-2024-compact-33-1200x900.jpg 1200w, https:\/\/www.compact-kaeltetechnik.de\/wp-content\/uploads\/2024\/10\/Chillventa-2024-compact-33-scaled.jpg 2560w\" data-sizes=\"auto\" data-orig-sizes=\"(max-width: 1300px) 100vw, (max-width: 640px) 100vw, 400px\" \/><\/a><\/span><\/div><div class=\"fusion-separator fusion-full-width-sep\" style=\"align-self: center;margin-left: auto;margin-right: auto;width:100%;\"><div class=\"fusion-separator-border sep-double\" style=\"--awb-height:20px;--awb-amount:20px;border-color:#e0dede;border-top-width:1px;border-bottom-width:1px;\"><\/div><\/div><div class=\"fusion-image-element \" style=\"--awb-caption-title-font-family:var(--h2_typography-font-family);--awb-caption-title-font-weight:var(--h2_typography-font-weight);--awb-caption-title-font-style:var(--h2_typography-font-style);--awb-caption-title-size:var(--h2_typography-font-size);--awb-caption-title-transform:var(--h2_typography-text-transform);--awb-caption-title-line-height:var(--h2_typography-line-height);--awb-caption-title-letter-spacing:var(--h2_typography-letter-spacing);\"><span class=\" fusion-imageframe imageframe-none imageframe-7 hover-type-none\"><a href=\"https:\/\/www.compact-kaeltetechnik.de\/wp-content\/uploads\/2024\/10\/Chillventa-2024-compact-91-scaled.jpg\" class=\"fusion-lightbox\" data-rel=\"iLightbox[3000b62d64200349561]\" data-title=\"Chillventa-2024-compact (91)\" title=\"Chillventa-2024-compact (91)\"><img decoding=\"async\" width=\"2560\" height=\"1440\" src=\"https:\/\/www.compact-kaeltetechnik.de\/wp-content\/uploads\/2024\/10\/Chillventa-2024-compact-91-scaled.jpg\" data-orig-src=\"https:\/\/www.compact-kaeltetechnik.de\/wp-content\/uploads\/2024\/10\/Chillventa-2024-compact-91-scaled.jpg\" alt class=\"lazyload img-responsive wp-image-21319\" srcset=\"data:image\/svg+xml,%3Csvg%20xmlns%3D%27http%3A%2F%2Fwww.w3.org%2F2000%2Fsvg%27%20width%3D%272560%27%20height%3D%271440%27%20viewBox%3D%270%200%202560%201440%27%3E%3Crect%20width%3D%272560%27%20height%3D%271440%27%20fill-opacity%3D%220%22%2F%3E%3C%2Fsvg%3E\" data-srcset=\"https:\/\/www.compact-kaeltetechnik.de\/wp-content\/uploads\/2024\/10\/Chillventa-2024-compact-91-200x113.jpg 200w, https:\/\/www.compact-kaeltetechnik.de\/wp-content\/uploads\/2024\/10\/Chillventa-2024-compact-91-400x225.jpg 400w, https:\/\/www.compact-kaeltetechnik.de\/wp-content\/uploads\/2024\/10\/Chillventa-2024-compact-91-600x338.jpg 600w, https:\/\/www.compact-kaeltetechnik.de\/wp-content\/uploads\/2024\/10\/Chillventa-2024-compact-91-800x450.jpg 800w, https:\/\/www.compact-kaeltetechnik.de\/wp-content\/uploads\/2024\/10\/Chillventa-2024-compact-91-1200x675.jpg 1200w, https:\/\/www.compact-kaeltetechnik.de\/wp-content\/uploads\/2024\/10\/Chillventa-2024-compact-91-scaled.jpg 2560w\" data-sizes=\"auto\" data-orig-sizes=\"(max-width: 1300px) 100vw, (max-width: 640px) 100vw, 400px\" \/><\/a><\/span><\/div><\/div><\/div><div class=\"fusion-layout-column fusion_builder_column fusion-builder-column-6 fusion_builder_column_1_1 1_1 fusion-flex-column\" style=\"--awb-bg-size:cover;--awb-width-large:100%;--awb-margin-top-large:0px;--awb-spacing-right-large:1.92%;--awb-margin-bottom-large:2%;--awb-spacing-left-large:1.92%;--awb-width-medium:100%;--awb-order-medium:0;--awb-spacing-right-medium:1.92%;--awb-spacing-left-medium:1.92%;--awb-width-small:100%;--awb-order-small:0;--awb-spacing-right-small:1.92%;--awb-spacing-left-small:1.92%;\"><div class=\"fusion-column-wrapper fusion-column-has-shadow fusion-flex-justify-content-flex-start fusion-content-layout-column\"><div class=\"fusion-content-boxes content-boxes columns row fusion-columns-1 fusion-columns-total-1 fusion-content-boxes-3 content-boxes-timeline-horizontal content-left content-boxes-icon-on-top content-boxes-timeline-layout has-flex-alignment fusion-delayed-animation\" style=\"--awb-backgroundcolor:var(--awb-color2);--awb-alignment:flex-end;--awb-margin-top:1.2em;--awb-margin-bottom:0px;--awb-hover-accent-color:var(--awb-color7);--awb-circle-hover-accent-color:var(--awb-color7);--awb-item-margin-bottom:40px;\" data-animation-delay=\"350\" data-animationOffset=\"top-into-view\"><div style=\"--awb-backgroundcolor:var(--awb-color2);\" class=\"fusion-column content-box-column content-box-column content-box-column-1 col-lg-12 col-md-12 col-sm-12 fusion-content-box-hover content-box-column-last content-box-column-last-in-row\"><div class=\"col content-box-wrapper content-wrapper-background link-area-link-icon icon-hover-animation-fade fusion-animated\" data-animationType=\"fadeIn\" data-animationDuration=\"0.25\" data-animationOffset=\"top-into-view\"><div class=\"heading icon-left\"><h2 class=\"content-box-heading fusion-responsive-typography-calculated\" style=\"--h2_typography-font-size:18px;--fontSize:18;line-height:1.2;\">\u201eDer Dialog mit unseren Kunden, ist der Motor f\u00fcr unsere Weiterentwicklung.\u201c <\/h2><\/div><div class=\"fusion-clearfix\"><\/div><div class=\"content-container\">\n<p style=\"text-align: center;\">compact K\u00e4ltetechnik GmbH<\/p>\n<\/div><\/div><\/div><div class=\"fusion-clearfix\"><\/div><\/div><\/div><\/div><div class=\"fusion-layout-column fusion_builder_column fusion-builder-column-7 fusion_builder_column_1_1 1_1 fusion-flex-column\" style=\"--awb-bg-size:cover;--awb-width-large:100%;--awb-margin-top-large:0px;--awb-spacing-right-large:1.92%;--awb-margin-bottom-large:2%;--awb-spacing-left-large:1.92%;--awb-width-medium:100%;--awb-order-medium:0;--awb-spacing-right-medium:1.92%;--awb-spacing-left-medium:1.92%;--awb-width-small:100%;--awb-order-small:0;--awb-spacing-right-small:1.92%;--awb-spacing-left-small:1.92%;\"><div class=\"fusion-column-wrapper fusion-column-has-shadow fusion-flex-justify-content-flex-start fusion-content-layout-column\"><div class=\"fusion-video fusion-youtube\" style=\"--awb-max-width:1080px;--awb-max-height:720px;--awb-align-self:center;--awb-width:100%;\"><div class=\"video-shortcode\"><div class=\"fluid-width-video-wrapper\" style=\"padding-top:66.67%;\" > <div class=\"brlbs-cmpnt-container brlbs-cmpnt-content-blocker brlbs-cmpnt-with-individual-styles\" data-borlabs-cookie-content-blocker-id=\"youtube-content-blocker\" data-borlabs-cookie-content=\"PGlmcmFtZSB0aXRsZT0iWW91VHViZSB2aWRlbyBwbGF5ZXIgMSIgc3JjPSJodHRwczovL3d3dy55b3V0dWJlLW5vY29va2llLmNvbS9lbWJlZC81WWVLVzdhSUxvUT93bW9kZT10cmFuc3BhcmVudCZhdXRvcGxheT0wIiB3aWR0aD0iMTA4MCIgaGVpZ2h0PSI3MjAiIGFsbG93ZnVsbHNjcmVlbiBhbGxvdz0iYXV0b3BsYXk7IGNsaXBib2FyZC13cml0ZTsgZW5jcnlwdGVkLW1lZGlhOyBneXJvc2NvcGU7IHBpY3R1cmUtaW4tcGljdHVyZTsiPjwvaWZyYW1lPjxzY3JpcHQgZGF0YS1ib3JsYWJzLWNvb2tpZS1zY3JpcHQtYmxvY2tlci1pZ25vcmU+CihmdW5jdGlvbigpIHsKICAgIGNvbnN0IGZ1c2lvblZpZGVvID0gZG9jdW1lbnQuY3VycmVudFNjcmlwdC5jbG9zZXN0KCcuZnVzaW9uLXZpZGVvJyk7CiAgICBpZiAoIWZ1c2lvblZpZGVvIHx8IHR5cGVvZiBqUXVlcnkgPT09ICd1bmRlZmluZWQnKSB7CiAgICAgICAgcmV0dXJuOwogICAgfQogICAgIWpRdWVyeShmdXNpb25WaWRlbykucGFyZW50cygiLmZ1c2lvbi1tb2RhbCIpLmxlbmd0aCAmJiAxID09IGpRdWVyeShmdXNpb25WaWRlbykuZGF0YSgiYXV0b3BsYXkiKSAmJiBqUXVlcnkoZnVzaW9uVmlkZW8pLmlzKCI6dmlzaWJsZSIpICYmIGpRdWVyeShmdXNpb25WaWRlbykuZmluZCgiaWZyYW1lIikuZWFjaCgoZnVuY3Rpb24gKCkgewogICAgICBqUXVlcnkodGhpcykuaGFzQ2xhc3MoImxhenlsb2FkIikgPyBqUXVlcnkodGhpcykub24oImxhenlsb2FkZWQiLCAoZnVuY3Rpb24gKCkgewogICAgICAgIHRoaXMuY29udGVudFdpbmRvdy5sb2NhdGlvbi5yZXBsYWNlKGpRdWVyeSh0aGlzKS5hdHRyKCJkYXRhLW9yaWctc3JjIikucmVwbGFjZSgiYXV0b3BsYXk9MCIsICJhdXRvcGxheT0xIikpCiAgICAgIH0pKSA6IGpRdWVyeSh0aGlzKS5hdHRyKCJzcmMiLCBqUXVlcnkodGhpcykuYXR0cigic3JjIikucmVwbGFjZSgiYXV0b3BsYXk9MCIsICJhdXRvcGxheT0xIikpCiAgICB9KSkKfSkoKTsKPC9zY3JpcHQ+\"><div class=\"brlbs-cmpnt-cb-preset-c brlbs-cmpnt-cb-youtube\"> <div class=\"brlbs-cmpnt-cb-thumbnail\" style=\"background-image: url('https:\/\/www.compact-kaeltetechnik.de\/wp-content\/uploads\/borlabs-cookie\/1\/yt_5YeKW7aILoQ_hqdefault.jpg')\"><\/div> <div class=\"brlbs-cmpnt-cb-main\"> <div class=\"brlbs-cmpnt-cb-play-button\"><\/div> <div class=\"brlbs-cmpnt-cb-content\"> <p class=\"brlbs-cmpnt-cb-description\">Sie sehen gerade einen Platzhalterinhalt von <strong>YouTube<\/strong>. Um auf den eigentlichen Inhalt zuzugreifen, klicken Sie auf die Schaltfl\u00e4che unten. Bitte beachten Sie, dass dabei Daten an Drittanbieter weitergegeben werden.<\/p> <a class=\"brlbs-cmpnt-cb-provider-toggle\" href=\"#\" data-borlabs-cookie-show-provider-information role=\"button\">Mehr Informationen<\/a> <\/div> <div class=\"brlbs-cmpnt-cb-buttons\"> <a class=\"brlbs-cmpnt-cb-btn\" href=\"#\" data-borlabs-cookie-unblock role=\"button\">Inhalt entsperren<\/a> <a class=\"brlbs-cmpnt-cb-btn\" href=\"#\" data-borlabs-cookie-accept-service role=\"button\" style=\"display: inherit\">Erforderlichen Service akzeptieren und Inhalte entsperren<\/a> <\/div> <\/div> <\/div><\/div><\/div><\/div><\/div><\/div><\/div><div class=\"fusion-layout-column fusion_builder_column fusion-builder-column-8 fusion_builder_column_1_1 1_1 fusion-flex-column\" style=\"--awb-bg-size:cover;--awb-width-large:100%;--awb-margin-top-large:0px;--awb-spacing-right-large:1.92%;--awb-margin-bottom-large:2%;--awb-spacing-left-large:1.92%;--awb-width-medium:100%;--awb-order-medium:0;--awb-spacing-right-medium:1.92%;--awb-spacing-left-medium:1.92%;--awb-width-small:100%;--awb-order-small:0;--awb-spacing-right-small:1.92%;--awb-spacing-left-small:1.92%;\" data-scroll-devices=\"small-visibility,medium-visibility,large-visibility\"><div class=\"fusion-column-wrapper fusion-column-has-shadow fusion-flex-justify-content-flex-start fusion-content-layout-row\"><div class=\"fusion-image-carousel fusion-image-carousel-fixed fusion-image-carousel-1 lightbox-enabled\" style=\"margin-top:5%;\"><div class=\"awb-carousel awb-swiper awb-swiper-carousel awb-carousel--carousel awb-swiper-dots-position-bottom\" data-layout=\"carousel\" data-autoplay=\"no\" data-autoplayspeed=\"2500\" data-autoplaypause=\"no\" data-loop=\"yes\" data-columns=\"6\" data-columnsmedium=\"1\" data-columnssmall=\"1\" data-itemmargin=\"0\" data-itemwidth=\"180\" data-touchscroll=\"no\" data-freemode=\"no\" data-imagesize=\"fixed\" data-scrollitems=\"3\" data-centeredslides=\"no\" data-rotationangle=\"50\" data-depth=\"100\" data-speed=\"500\" data-shadow=\"no\" data-pagination=\"bullets\" style=\"--awb-columns:6;--awb-column-spacing:0px;\"><div class=\"swiper-wrapper awb-image-carousel-wrapper fusion-flex-align-items-flex-end\"><div class=\"swiper-slide\"><div class=\"fusion-carousel-item-wrapper\"><div class=\"fusion-image-wrapper hover-type-none\"><a data-rel=\"iLightbox[image_carousel_1]\" data-title=\"Chillventa-2024-compact (70)\" aria-label=\"Chillventa-2024-compact (70)\" href=\"https:\/\/www.compact-kaeltetechnik.de\/wp-content\/uploads\/2024\/10\/Chillventa-2024-compact-70-scaled.jpg\" target=\"_self\"><img decoding=\"async\" width=\"320\" height=\"202\" src=\"data:image\/svg+xml,%3Csvg%20xmlns%3D%27http%3A%2F%2Fwww.w3.org%2F2000%2Fsvg%27%20width%3D%272560%27%20height%3D%271920%27%20viewBox%3D%270%200%202560%201920%27%3E%3Crect%20width%3D%272560%27%20height%3D%271920%27%20fill-opacity%3D%220%22%2F%3E%3C%2Fsvg%3E\" class=\"attachment-blog-medium size-blog-medium lazyload\" alt=\"\" data-orig-src=\"https:\/\/www.compact-kaeltetechnik.de\/wp-content\/uploads\/2024\/10\/Chillventa-2024-compact-70-320x202.jpg\" \/><\/a><\/div><\/div><\/div><div class=\"swiper-slide\"><div class=\"fusion-carousel-item-wrapper\"><div class=\"fusion-image-wrapper hover-type-none\"><a data-rel=\"iLightbox[image_carousel_1]\" data-title=\"Chillventa-2024-compact-Ausbilderpreis (1)\" aria-label=\"Chillventa-2024-compact-Ausbilderpreis (1)\" href=\"https:\/\/www.compact-kaeltetechnik.de\/wp-content\/uploads\/2024\/10\/Chillventa-2024-compact-Ausbilderpreis-1-scaled.jpg\" target=\"_self\"><img decoding=\"async\" width=\"320\" height=\"202\" src=\"data:image\/svg+xml,%3Csvg%20xmlns%3D%27http%3A%2F%2Fwww.w3.org%2F2000%2Fsvg%27%20width%3D%271920%27%20height%3D%272560%27%20viewBox%3D%270%200%201920%202560%27%3E%3Crect%20width%3D%271920%27%20height%3D%272560%27%20fill-opacity%3D%220%22%2F%3E%3C%2Fsvg%3E\" class=\"attachment-blog-medium size-blog-medium lazyload\" alt=\"\" data-orig-src=\"https:\/\/www.compact-kaeltetechnik.de\/wp-content\/uploads\/2024\/10\/Chillventa-2024-compact-Ausbilderpreis-1-320x202.jpg\" \/><\/a><\/div><\/div><\/div><div class=\"swiper-slide\"><div class=\"fusion-carousel-item-wrapper\"><div class=\"fusion-image-wrapper hover-type-none\"><a data-rel=\"iLightbox[image_carousel_1]\" data-title=\"Chillventa-2024-compact (33)\" aria-label=\"Chillventa-2024-compact (33)\" href=\"https:\/\/www.compact-kaeltetechnik.de\/wp-content\/uploads\/2024\/10\/Chillventa-2024-compact-33-scaled.jpg\" target=\"_self\"><img decoding=\"async\" width=\"320\" height=\"202\" src=\"data:image\/svg+xml,%3Csvg%20xmlns%3D%27http%3A%2F%2Fwww.w3.org%2F2000%2Fsvg%27%20width%3D%272560%27%20height%3D%271920%27%20viewBox%3D%270%200%202560%201920%27%3E%3Crect%20width%3D%272560%27%20height%3D%271920%27%20fill-opacity%3D%220%22%2F%3E%3C%2Fsvg%3E\" class=\"attachment-blog-medium size-blog-medium lazyload\" alt=\"\" data-orig-src=\"https:\/\/www.compact-kaeltetechnik.de\/wp-content\/uploads\/2024\/10\/Chillventa-2024-compact-33-320x202.jpg\" \/><\/a><\/div><\/div><\/div><div class=\"swiper-slide\"><div class=\"fusion-carousel-item-wrapper\"><div class=\"fusion-image-wrapper hover-type-none\"><a data-rel=\"iLightbox[image_carousel_1]\" data-title=\"Chillventa-2024-compact (82)\" aria-label=\"Chillventa-2024-compact (82)\" href=\"https:\/\/www.compact-kaeltetechnik.de\/wp-content\/uploads\/2024\/10\/Chillventa-2024-compact-82-scaled.jpg\" target=\"_self\"><img decoding=\"async\" width=\"320\" height=\"202\" src=\"data:image\/svg+xml,%3Csvg%20xmlns%3D%27http%3A%2F%2Fwww.w3.org%2F2000%2Fsvg%27%20width%3D%272560%27%20height%3D%271920%27%20viewBox%3D%270%200%202560%201920%27%3E%3Crect%20width%3D%272560%27%20height%3D%271920%27%20fill-opacity%3D%220%22%2F%3E%3C%2Fsvg%3E\" class=\"attachment-blog-medium size-blog-medium lazyload\" alt=\"\" data-orig-src=\"https:\/\/www.compact-kaeltetechnik.de\/wp-content\/uploads\/2024\/10\/Chillventa-2024-compact-82-320x202.jpg\" \/><\/a><\/div><\/div><\/div><div class=\"swiper-slide\"><div class=\"fusion-carousel-item-wrapper\"><div class=\"fusion-image-wrapper hover-type-none\"><a data-rel=\"iLightbox[image_carousel_1]\" data-title=\"Chillventa-2024-compact (55)\" aria-label=\"Chillventa-2024-compact (55)\" href=\"https:\/\/www.compact-kaeltetechnik.de\/wp-content\/uploads\/2024\/10\/Chillventa-2024-compact-55-scaled.jpg\" target=\"_self\"><img decoding=\"async\" width=\"320\" height=\"202\" src=\"data:image\/svg+xml,%3Csvg%20xmlns%3D%27http%3A%2F%2Fwww.w3.org%2F2000%2Fsvg%27%20width%3D%272560%27%20height%3D%271920%27%20viewBox%3D%270%200%202560%201920%27%3E%3Crect%20width%3D%272560%27%20height%3D%271920%27%20fill-opacity%3D%220%22%2F%3E%3C%2Fsvg%3E\" class=\"attachment-blog-medium size-blog-medium lazyload\" alt=\"\" data-orig-src=\"https:\/\/www.compact-kaeltetechnik.de\/wp-content\/uploads\/2024\/10\/Chillventa-2024-compact-55-320x202.jpg\" \/><\/a><\/div><\/div><\/div><div class=\"swiper-slide\"><div class=\"fusion-carousel-item-wrapper\"><div class=\"fusion-image-wrapper hover-type-none\"><a data-rel=\"iLightbox[image_carousel_1]\" data-title=\"Chillventa-2024-compact (77)\" aria-label=\"Chillventa-2024-compact (77)\" href=\"https:\/\/www.compact-kaeltetechnik.de\/wp-content\/uploads\/2024\/10\/Chillventa-2024-compact-77-scaled.jpg\" target=\"_self\"><img decoding=\"async\" width=\"320\" height=\"202\" src=\"data:image\/svg+xml,%3Csvg%20xmlns%3D%27http%3A%2F%2Fwww.w3.org%2F2000%2Fsvg%27%20width%3D%272560%27%20height%3D%271920%27%20viewBox%3D%270%200%202560%201920%27%3E%3Crect%20width%3D%272560%27%20height%3D%271920%27%20fill-opacity%3D%220%22%2F%3E%3C%2Fsvg%3E\" class=\"attachment-blog-medium size-blog-medium lazyload\" alt=\"\" data-orig-src=\"https:\/\/www.compact-kaeltetechnik.de\/wp-content\/uploads\/2024\/10\/Chillventa-2024-compact-77-320x202.jpg\" \/><\/a><\/div><\/div><\/div><div class=\"swiper-slide\"><div class=\"fusion-carousel-item-wrapper\"><div class=\"fusion-image-wrapper hover-type-none\"><a data-rel=\"iLightbox[image_carousel_1]\" data-title=\"Chillventa-2024-compact (46)\" aria-label=\"Chillventa-2024-compact (46)\" href=\"https:\/\/www.compact-kaeltetechnik.de\/wp-content\/uploads\/2024\/10\/Chillventa-2024-compact-46-scaled.jpg\" target=\"_self\"><img decoding=\"async\" width=\"320\" height=\"202\" src=\"data:image\/svg+xml,%3Csvg%20xmlns%3D%27http%3A%2F%2Fwww.w3.org%2F2000%2Fsvg%27%20width%3D%271920%27%20height%3D%272560%27%20viewBox%3D%270%200%201920%202560%27%3E%3Crect%20width%3D%271920%27%20height%3D%272560%27%20fill-opacity%3D%220%22%2F%3E%3C%2Fsvg%3E\" class=\"attachment-blog-medium size-blog-medium lazyload\" alt=\"\" data-orig-src=\"https:\/\/www.compact-kaeltetechnik.de\/wp-content\/uploads\/2024\/10\/Chillventa-2024-compact-46-320x202.jpg\" \/><\/a><\/div><\/div><\/div><div class=\"swiper-slide\"><div class=\"fusion-carousel-item-wrapper\"><div class=\"fusion-image-wrapper hover-type-none\"><a data-rel=\"iLightbox[image_carousel_1]\" data-title=\"Chillventa-2024-compact (61)\" aria-label=\"Chillventa-2024-compact (61)\" href=\"https:\/\/www.compact-kaeltetechnik.de\/wp-content\/uploads\/2024\/10\/Chillventa-2024-compact-61-scaled.jpg\" target=\"_self\"><img decoding=\"async\" width=\"320\" height=\"202\" src=\"data:image\/svg+xml,%3Csvg%20xmlns%3D%27http%3A%2F%2Fwww.w3.org%2F2000%2Fsvg%27%20width%3D%272560%27%20height%3D%271920%27%20viewBox%3D%270%200%202560%201920%27%3E%3Crect%20width%3D%272560%27%20height%3D%271920%27%20fill-opacity%3D%220%22%2F%3E%3C%2Fsvg%3E\" class=\"attachment-blog-medium size-blog-medium lazyload\" alt=\"\" data-orig-src=\"https:\/\/www.compact-kaeltetechnik.de\/wp-content\/uploads\/2024\/10\/Chillventa-2024-compact-61-320x202.jpg\" \/><\/a><\/div><\/div><\/div><div class=\"swiper-slide\"><div class=\"fusion-carousel-item-wrapper\"><div class=\"fusion-image-wrapper hover-type-none\"><a data-rel=\"iLightbox[image_carousel_1]\" data-title=\"Chillventa-2024-compact (52)\" aria-label=\"Chillventa-2024-compact (52)\" href=\"https:\/\/www.compact-kaeltetechnik.de\/wp-content\/uploads\/2024\/10\/Chillventa-2024-compact-52-scaled.jpg\" target=\"_self\"><img decoding=\"async\" width=\"320\" height=\"202\" src=\"data:image\/svg+xml,%3Csvg%20xmlns%3D%27http%3A%2F%2Fwww.w3.org%2F2000%2Fsvg%27%20width%3D%272560%27%20height%3D%271920%27%20viewBox%3D%270%200%202560%201920%27%3E%3Crect%20width%3D%272560%27%20height%3D%271920%27%20fill-opacity%3D%220%22%2F%3E%3C%2Fsvg%3E\" class=\"attachment-blog-medium size-blog-medium lazyload\" alt=\"\" data-orig-src=\"https:\/\/www.compact-kaeltetechnik.de\/wp-content\/uploads\/2024\/10\/Chillventa-2024-compact-52-320x202.jpg\" \/><\/a><\/div><\/div><\/div><\/div><\/div><\/div><\/div><\/div><\/div><\/div>\n","protected":false},"excerpt":{"rendered":"","protected":false},"author":290,"featured_media":21525,"comment_status":"closed","ping_status":"closed","sticky":false,"template":"","format":"standard","meta":{"footnotes":""},"categories":[15],"tags":[252,417,415,416,288,418,266,419,420,421],"class_list":["post-21011","post","type-post","status-publish","format-standard","has-post-thumbnail","hentry","category-news","tag-chillventa","tag-energieeffizienz","tag-fachmesse","tag-international","tag-kaelte","tag-kaelteanlage","tag-kaeltetechnik","tag-klima","tag-lueftung","tag-waermepumpe"],"_links":{"self":[{"href":"https:\/\/www.compact-kaeltetechnik.de\/de\/wp-json\/wp\/v2\/posts\/21011","targetHints":{"allow":["GET"]}}],"collection":[{"href":"https:\/\/www.compact-kaeltetechnik.de\/de\/wp-json\/wp\/v2\/posts"}],"about":[{"href":"https:\/\/www.compact-kaeltetechnik.de\/de\/wp-json\/wp\/v2\/types\/post"}],"author":[{"embeddable":true,"href":"https:\/\/www.compact-kaeltetechnik.de\/de\/wp-json\/wp\/v2\/users\/290"}],"replies":[{"embeddable":true,"href":"https:\/\/www.compact-kaeltetechnik.de\/de\/wp-json\/wp\/v2\/comments?post=21011"}],"version-history":[{"count":87,"href":"https:\/\/www.compact-kaeltetechnik.de\/de\/wp-json\/wp\/v2\/posts\/21011\/revisions"}],"predecessor-version":[{"id":21720,"href":"https:\/\/www.compact-kaeltetechnik.de\/de\/wp-json\/wp\/v2\/posts\/21011\/revisions\/21720"}],"wp:featuredmedia":[{"embeddable":true,"href":"https:\/\/www.compact-kaeltetechnik.de\/de\/wp-json\/wp\/v2\/media\/21525"}],"wp:attachment":[{"href":"https:\/\/www.compact-kaeltetechnik.de\/de\/wp-json\/wp\/v2\/media?parent=21011"}],"wp:term":[{"taxonomy":"category","embeddable":true,"href":"https:\/\/www.compact-kaeltetechnik.de\/de\/wp-json\/wp\/v2\/categories?post=21011"},{"taxonomy":"post_tag","embeddable":true,"href":"https:\/\/www.compact-kaeltetechnik.de\/de\/wp-json\/wp\/v2\/tags?post=21011"}],"curies":[{"name":"wp","href":"https:\/\/api.w.org\/{rel}","templated":true}]}}