{"id":1913,"date":"2018-02-06T10:33:38","date_gmt":"2018-02-06T09:33:38","guid":{"rendered":"https:\/\/beta.compact-kaeltetechnik.de\/?p=1913"},"modified":"2020-08-26T12:40:38","modified_gmt":"2020-08-26T10:40:38","slug":"wir-kaeltetechnik","status":"publish","type":"post","link":"https:\/\/www.compact-kaeltetechnik.de\/de\/news\/wir-kaeltetechnik\/","title":{"rendered":"Wir sind eingezogen &#8211; Neubau bei compact K\u00e4ltetechnik"},"content":{"rendered":"<div class=\"fusion-fullwidth fullwidth-box fusion-builder-row-1 fusion-flex-container nonhundred-percent-fullwidth non-hundred-percent-height-scrolling\" style=\"--awb-border-radius-top-left:0px;--awb-border-radius-top-right:0px;--awb-border-radius-bottom-right:0px;--awb-border-radius-bottom-left:0px;--awb-flex-wrap:wrap;\" ><div class=\"fusion-builder-row fusion-row fusion-flex-align-items-flex-start fusion-flex-content-wrap\" style=\"max-width:calc( 1200px + 0px );margin-left: calc(-0px \/ 2 );margin-right: calc(-0px \/ 2 );\"><div class=\"fusion-layout-column fusion_builder_column fusion-builder-column-0 fusion_builder_column_1_1 1_1 fusion-flex-column\" style=\"--awb-bg-size:cover;--awb-width-large:100%;--awb-margin-top-large:0px;--awb-spacing-right-large:0px;--awb-margin-bottom-large:0px;--awb-spacing-left-large:0px;--awb-width-medium:100%;--awb-spacing-right-medium:0px;--awb-spacing-left-medium:0px;--awb-width-small:100%;--awb-spacing-right-small:0px;--awb-spacing-left-small:0px;\"><div class=\"fusion-column-wrapper fusion-flex-justify-content-flex-start fusion-content-layout-column\"><div class=\"fusion-text fusion-text-1\"><p>Seit Angang des Jahres finden Sie die Kollegen von compact K\u00e4ltetechnik sowohl auf der Reisstra\u00dfe 41 als auch &#8211; wie bisher &#8211; auf der Dieselstra\u00dfe 3 in Dresden.<\/p>\n<p>Der Neubau einer zus\u00e4tzlichen Fertigungshalle mit B\u00fcrogeb\u00e4ude war die Voraussetzung f\u00fcr weiteres Wachstum und um noch effizienter im Bereich Nat\u00fcrliche K\u00e4lte fertigen zu k\u00f6nnen.<\/p>\n<p>Egal ob NH3, Propan oder CO2 zum Einsatz kommen sollen &#8211; wir fertigen Ihre K\u00e4lteanlage &#8211; spezifisch auf Ihre Anforderungen abgestimmt.<\/p>\n\n\t\t<style type=\"text\/css\">\n\t\t\t#gallery-1 {\n\t\t\t\tmargin: auto;\n\t\t\t}\n\t\t\t#gallery-1 .gallery-item {\n\t\t\t\tfloat: left;\n\t\t\t\tmargin-top: 10px;\n\t\t\t\ttext-align: center;\n\t\t\t\twidth: 33%;\n\t\t\t}\n\t\t\t#gallery-1 img {\n\t\t\t\tborder: 2px solid #cfcfcf;\n\t\t\t}\n\t\t\t#gallery-1 .gallery-caption {\n\t\t\t\tmargin-left: 0;\n\t\t\t}\n\t\t\t\/* see gallery_shortcode() in wp-includes\/media.php *\/\n\t\t<\/style>\n\t\t<div id='gallery-1' class='gallery galleryid-1913 gallery-columns-3 gallery-size-600'><dl class='gallery-item'>\n\t\t\t<dt class='gallery-icon landscape'>\n\t\t\t\t<a data-rel=\"iLightbox[postimages]\" data-title=\"Neubau-Au\u00dfen-600\" data-caption=\"\" href='https:\/\/www.compact-kaeltetechnik.de\/de\/news\/wir-kaeltetechnik\/attachment\/neubau-aussen-600-2\/'><img decoding=\"async\" width=\"1200\" height=\"600\" src=\"https:\/\/www.compact-kaeltetechnik.de\/wp-content\/uploads\/2018\/02\/Neubau-Au\u00dfen-600-1.jpg\" class=\"attachment-600 size-600 lazyload\" alt=\"\" srcset=\"data:image\/svg+xml,%3Csvg%20xmlns%3D%27http%3A%2F%2Fwww.w3.org%2F2000%2Fsvg%27%20width%3D%271200%27%20height%3D%27600%27%20viewBox%3D%270%200%201200%20600%27%3E%3Crect%20width%3D%271200%27%20height%3D%27600%27%20fill-opacity%3D%220%22%2F%3E%3C%2Fsvg%3E\" data-orig-src=\"https:\/\/www.compact-kaeltetechnik.de\/wp-content\/uploads\/2018\/02\/Neubau-Au\u00dfen-600-1.jpg\" data-srcset=\"https:\/\/www.compact-kaeltetechnik.de\/wp-content\/uploads\/2018\/02\/Neubau-Au\u00dfen-600-1-200x100.jpg 200w, https:\/\/www.compact-kaeltetechnik.de\/wp-content\/uploads\/2018\/02\/Neubau-Au\u00dfen-600-1-300x150.jpg 300w, https:\/\/www.compact-kaeltetechnik.de\/wp-content\/uploads\/2018\/02\/Neubau-Au\u00dfen-600-1-400x200.jpg 400w, https:\/\/www.compact-kaeltetechnik.de\/wp-content\/uploads\/2018\/02\/Neubau-Au\u00dfen-600-1-600x300.jpg 600w, https:\/\/www.compact-kaeltetechnik.de\/wp-content\/uploads\/2018\/02\/Neubau-Au\u00dfen-600-1-768x384.jpg 768w, https:\/\/www.compact-kaeltetechnik.de\/wp-content\/uploads\/2018\/02\/Neubau-Au\u00dfen-600-1-800x400.jpg 800w, https:\/\/www.compact-kaeltetechnik.de\/wp-content\/uploads\/2018\/02\/Neubau-Au\u00dfen-600-1-1024x512.jpg 1024w, https:\/\/www.compact-kaeltetechnik.de\/wp-content\/uploads\/2018\/02\/Neubau-Au\u00dfen-600-1.jpg 1200w\" data-sizes=\"auto\" \/><\/a>\n\t\t\t<\/dt><\/dl><dl class='gallery-item'>\n\t\t\t<dt class='gallery-icon landscape'>\n\t\t\t\t<a data-rel=\"iLightbox[postimages]\" data-title=\"Blick_Projektierung_II\" data-caption=\"\" href='https:\/\/www.compact-kaeltetechnik.de\/de\/news\/wir-kaeltetechnik\/attachment\/blick_projektierung_ii-2\/'><img decoding=\"async\" width=\"1200\" height=\"600\" src=\"https:\/\/www.compact-kaeltetechnik.de\/wp-content\/uploads\/2018\/02\/Blick_Projektierung_II-1.jpg\" class=\"attachment-600 size-600 lazyload\" alt=\"\" srcset=\"data:image\/svg+xml,%3Csvg%20xmlns%3D%27http%3A%2F%2Fwww.w3.org%2F2000%2Fsvg%27%20width%3D%271200%27%20height%3D%27600%27%20viewBox%3D%270%200%201200%20600%27%3E%3Crect%20width%3D%271200%27%20height%3D%27600%27%20fill-opacity%3D%220%22%2F%3E%3C%2Fsvg%3E\" data-orig-src=\"https:\/\/www.compact-kaeltetechnik.de\/wp-content\/uploads\/2018\/02\/Blick_Projektierung_II-1.jpg\" data-srcset=\"https:\/\/www.compact-kaeltetechnik.de\/wp-content\/uploads\/2018\/02\/Blick_Projektierung_II-1-200x100.jpg 200w, https:\/\/www.compact-kaeltetechnik.de\/wp-content\/uploads\/2018\/02\/Blick_Projektierung_II-1-300x150.jpg 300w, https:\/\/www.compact-kaeltetechnik.de\/wp-content\/uploads\/2018\/02\/Blick_Projektierung_II-1-400x200.jpg 400w, https:\/\/www.compact-kaeltetechnik.de\/wp-content\/uploads\/2018\/02\/Blick_Projektierung_II-1-600x300.jpg 600w, https:\/\/www.compact-kaeltetechnik.de\/wp-content\/uploads\/2018\/02\/Blick_Projektierung_II-1-768x384.jpg 768w, https:\/\/www.compact-kaeltetechnik.de\/wp-content\/uploads\/2018\/02\/Blick_Projektierung_II-1-800x400.jpg 800w, https:\/\/www.compact-kaeltetechnik.de\/wp-content\/uploads\/2018\/02\/Blick_Projektierung_II-1-1024x512.jpg 1024w, https:\/\/www.compact-kaeltetechnik.de\/wp-content\/uploads\/2018\/02\/Blick_Projektierung_II-1.jpg 1200w\" data-sizes=\"auto\" \/><\/a>\n\t\t\t<\/dt><\/dl><dl class='gallery-item'>\n\t\t\t<dt class='gallery-icon landscape'>\n\t\t\t\t<a data-rel=\"iLightbox[postimages]\" data-title=\"Blick_Projektierung\" data-caption=\"\" href='https:\/\/www.compact-kaeltetechnik.de\/de\/news\/wir-kaeltetechnik\/attachment\/blick_projektierung-2\/'><img decoding=\"async\" width=\"1200\" height=\"600\" src=\"https:\/\/www.compact-kaeltetechnik.de\/wp-content\/uploads\/2018\/02\/Blick_Projektierung-1.jpg\" class=\"attachment-600 size-600 lazyload\" alt=\"\" srcset=\"data:image\/svg+xml,%3Csvg%20xmlns%3D%27http%3A%2F%2Fwww.w3.org%2F2000%2Fsvg%27%20width%3D%271200%27%20height%3D%27600%27%20viewBox%3D%270%200%201200%20600%27%3E%3Crect%20width%3D%271200%27%20height%3D%27600%27%20fill-opacity%3D%220%22%2F%3E%3C%2Fsvg%3E\" data-orig-src=\"https:\/\/www.compact-kaeltetechnik.de\/wp-content\/uploads\/2018\/02\/Blick_Projektierung-1.jpg\" data-srcset=\"https:\/\/www.compact-kaeltetechnik.de\/wp-content\/uploads\/2018\/02\/Blick_Projektierung-1-200x100.jpg 200w, https:\/\/www.compact-kaeltetechnik.de\/wp-content\/uploads\/2018\/02\/Blick_Projektierung-1-300x150.jpg 300w, https:\/\/www.compact-kaeltetechnik.de\/wp-content\/uploads\/2018\/02\/Blick_Projektierung-1-400x200.jpg 400w, https:\/\/www.compact-kaeltetechnik.de\/wp-content\/uploads\/2018\/02\/Blick_Projektierung-1-600x300.jpg 600w, https:\/\/www.compact-kaeltetechnik.de\/wp-content\/uploads\/2018\/02\/Blick_Projektierung-1-768x384.jpg 768w, https:\/\/www.compact-kaeltetechnik.de\/wp-content\/uploads\/2018\/02\/Blick_Projektierung-1-800x400.jpg 800w, https:\/\/www.compact-kaeltetechnik.de\/wp-content\/uploads\/2018\/02\/Blick_Projektierung-1-1024x512.jpg 1024w, https:\/\/www.compact-kaeltetechnik.de\/wp-content\/uploads\/2018\/02\/Blick_Projektierung-1.jpg 1200w\" data-sizes=\"auto\" \/><\/a>\n\t\t\t<\/dt><\/dl><br style=\"clear: both\" \/>\n\t\t<\/div>\n\n<\/div><\/div><\/div><\/div><\/div>\n","protected":false},"excerpt":{"rendered":"","protected":false},"author":4,"featured_media":1870,"comment_status":"open","ping_status":"closed","sticky":false,"template":"","format":"gallery","meta":{"footnotes":""},"categories":[15],"tags":[],"class_list":["post-1913","post","type-post","status-publish","format-gallery","has-post-thumbnail","hentry","category-news","post_format-post-format-gallery"],"_links":{"self":[{"href":"https:\/\/www.compact-kaeltetechnik.de\/de\/wp-json\/wp\/v2\/posts\/1913","targetHints":{"allow":["GET"]}}],"collection":[{"href":"https:\/\/www.compact-kaeltetechnik.de\/de\/wp-json\/wp\/v2\/posts"}],"about":[{"href":"https:\/\/www.compact-kaeltetechnik.de\/de\/wp-json\/wp\/v2\/types\/post"}],"author":[{"embeddable":true,"href":"https:\/\/www.compact-kaeltetechnik.de\/de\/wp-json\/wp\/v2\/users\/4"}],"replies":[{"embeddable":true,"href":"https:\/\/www.compact-kaeltetechnik.de\/de\/wp-json\/wp\/v2\/comments?post=1913"}],"version-history":[{"count":14,"href":"https:\/\/www.compact-kaeltetechnik.de\/de\/wp-json\/wp\/v2\/posts\/1913\/revisions"}],"predecessor-version":[{"id":1941,"href":"https:\/\/www.compact-kaeltetechnik.de\/de\/wp-json\/wp\/v2\/posts\/1913\/revisions\/1941"}],"wp:featuredmedia":[{"embeddable":true,"href":"https:\/\/www.compact-kaeltetechnik.de\/de\/wp-json\/wp\/v2\/media\/1870"}],"wp:attachment":[{"href":"https:\/\/www.compact-kaeltetechnik.de\/de\/wp-json\/wp\/v2\/media?parent=1913"}],"wp:term":[{"taxonomy":"category","embeddable":true,"href":"https:\/\/www.compact-kaeltetechnik.de\/de\/wp-json\/wp\/v2\/categories?post=1913"},{"taxonomy":"post_tag","embeddable":true,"href":"https:\/\/www.compact-kaeltetechnik.de\/de\/wp-json\/wp\/v2\/tags?post=1913"}],"curies":[{"name":"wp","href":"https:\/\/api.w.org\/{rel}","templated":true}]}}