{"id":1846,"date":"2018-01-25T08:50:06","date_gmt":"2018-01-25T07:50:06","guid":{"rendered":"https:\/\/beta.compact-kaeltetechnik.de\/?p=1846"},"modified":"2020-08-26T12:40:39","modified_gmt":"2020-08-26T10:40:39","slug":"wirtschaftstag_vdkf_sikk","status":"publish","type":"post","link":"https:\/\/www.compact-kaeltetechnik.de\/de\/news\/wirtschaftstag_vdkf_sikk\/","title":{"rendered":"Wirtschaftstag des VDKF Landesverbandes Sachsen und der SIKK bei compact in Dresden"},"content":{"rendered":"<p>Nach f\u00fcnf Jahren war die Veranstaltungsreihe in diesem Jahr wieder einmal zu Gast bei der compact K\u00e4ltetechnik GmbH in Dresden \u2013 diesmal im erst vor wenigen Tagen bezogenen neuen B\u00fcrogeb\u00e4ude an der Reisstra\u00dfe, unmittelbar hinter den bestehenden Bauten von compact. In der sich anschlie\u00dfenden ebenfalls neu errichteten Fertigungshalle wurden die technischen Voraussetzungen geschaffen, um nun \u00fcberwiegend K\u00e4lteanlagen in allen Gr\u00f6\u00dfen f\u00fcr den Einsatz von nat\u00fcrlichen K\u00e4ltemitteln fertigen zu k\u00f6nnen.<\/p>\n<p>Vor 32 Besuchern er\u00f6ffnete Lutz Hering, einer der beiden Gesch\u00e4ftsf\u00fchrer von compact K\u00e4ltetechnik, den s\u00e4chsischen Wirtschaftstag. Die Moderation der Veranstaltung \u00fcbernahm im Anschluss der Landesvorsitzende des VDKF, Gerhard Gregor (bis zum Ruhestand 12\/2016 Mitgesellschafter von compact) und \u00fcbergab das Wort an den ersten Referenten, Rechtsanwalt Dr. Nils Freudenberg, f\u00fcr seinen Vortrag zum Insolvenzrecht.<\/p>\n<p>Im Anschluss informierte\u00a0Dirk Leuteritz, Vertriebsleiter\u00a0bei compact, \u00fcber die Neuigkeiten aus dem Produktportfolio. Bei der Firmen-F\u00fchrung konnten sowohl die Serienfertigung als auch aktuelle CO2, NH3 und Propan &#8211; Projekte besichtigt werden.\u00a0Den Teilnehmern wurde auch\u00a0der in den letzten Monaten wesentlich erweiterte hauseigene CO2 Schulungs- und Versuchsbereich pr\u00e4sentiert. Hier wird z.B. der von compact entwickelte Ejektor und Steuerung in diversen Versuchsanordnungen abschlie\u00dfend auf Herz und Nieren gepr\u00fcft. Auch ein f\u00fcr die S\u00e4chsische K\u00e4ltefachschule in Reichenbach angefertigter transkritischer CO2 Booster (gesponsert von Bitzer, G\u00fcntner und compact K\u00e4ltetechnik) wurde beim Rundgang vorgestellt. Am\u00a0Nachmittag zeigte Privat Dozent J\u00fcrgen Petzold Neuerungen im Baurecht auf und es wurde im Anschluss noch die M\u00f6glichkeit f\u00fcr den gemeinsamen Erfahrungsaustausch genutzt. Alles in allem gab der Wirtschaftstag 2018 einen spannenden Einblick in aktuelle Themen in angenehmer Atmosph\u00e4re.<\/p>\n<p>&nbsp;<\/p>\n<p><img decoding=\"async\" class=\"lazyload alignnone size-full wp-image-1870\" src=\"https:\/\/www.compact-kaeltetechnik.de\/wp-content\/uploads\/2018\/01\/Neubau-Au\u00dfen-1200x800.jpg\" data-orig-src=\"https:\/\/www.compact-kaeltetechnik.de\/wp-content\/uploads\/2018\/01\/Neubau-Au\u00dfen-1200x800.jpg\" alt=\"\" width=\"1200\" height=\"800\" srcset=\"data:image\/svg+xml,%3Csvg%20xmlns%3D%27http%3A%2F%2Fwww.w3.org%2F2000%2Fsvg%27%20width%3D%271200%27%20height%3D%27800%27%20viewBox%3D%270%200%201200%20800%27%3E%3Crect%20width%3D%271200%27%20height%3D%27800%27%20fill-opacity%3D%220%22%2F%3E%3C%2Fsvg%3E\" data-srcset=\"https:\/\/www.compact-kaeltetechnik.de\/wp-content\/uploads\/2018\/01\/Neubau-Au\u00dfen-1200x800-200x133.jpg 200w, https:\/\/www.compact-kaeltetechnik.de\/wp-content\/uploads\/2018\/01\/Neubau-Au\u00dfen-1200x800-300x200.jpg 300w, https:\/\/www.compact-kaeltetechnik.de\/wp-content\/uploads\/2018\/01\/Neubau-Au\u00dfen-1200x800-400x267.jpg 400w, https:\/\/www.compact-kaeltetechnik.de\/wp-content\/uploads\/2018\/01\/Neubau-Au\u00dfen-1200x800-600x400.jpg 600w, https:\/\/www.compact-kaeltetechnik.de\/wp-content\/uploads\/2018\/01\/Neubau-Au\u00dfen-1200x800-768x512.jpg 768w, https:\/\/www.compact-kaeltetechnik.de\/wp-content\/uploads\/2018\/01\/Neubau-Au\u00dfen-1200x800-800x533.jpg 800w, https:\/\/www.compact-kaeltetechnik.de\/wp-content\/uploads\/2018\/01\/Neubau-Au\u00dfen-1200x800-1024x683.jpg 1024w, https:\/\/www.compact-kaeltetechnik.de\/wp-content\/uploads\/2018\/01\/Neubau-Au\u00dfen-1200x800.jpg 1200w\" data-sizes=\"auto\" data-orig-sizes=\"(max-width: 1200px) 100vw, 1200px\" \/><\/p>\n<p><img decoding=\"async\" class=\"lazyload alignnone size-full wp-image-1868\" src=\"https:\/\/www.compact-kaeltetechnik.de\/wp-content\/uploads\/2018\/01\/Leuteritz-Pr\u00e4sentation-1200x800.jpg\" data-orig-src=\"https:\/\/www.compact-kaeltetechnik.de\/wp-content\/uploads\/2018\/01\/Leuteritz-Pr\u00e4sentation-1200x800.jpg\" alt=\"\" width=\"1200\" height=\"800\" srcset=\"data:image\/svg+xml,%3Csvg%20xmlns%3D%27http%3A%2F%2Fwww.w3.org%2F2000%2Fsvg%27%20width%3D%271200%27%20height%3D%27800%27%20viewBox%3D%270%200%201200%20800%27%3E%3Crect%20width%3D%271200%27%20height%3D%27800%27%20fill-opacity%3D%220%22%2F%3E%3C%2Fsvg%3E\" data-srcset=\"https:\/\/www.compact-kaeltetechnik.de\/wp-content\/uploads\/2018\/01\/Leuteritz-Pr\u00e4sentation-1200x800-200x133.jpg 200w, https:\/\/www.compact-kaeltetechnik.de\/wp-content\/uploads\/2018\/01\/Leuteritz-Pr\u00e4sentation-1200x800-300x200.jpg 300w, https:\/\/www.compact-kaeltetechnik.de\/wp-content\/uploads\/2018\/01\/Leuteritz-Pr\u00e4sentation-1200x800-400x267.jpg 400w, https:\/\/www.compact-kaeltetechnik.de\/wp-content\/uploads\/2018\/01\/Leuteritz-Pr\u00e4sentation-1200x800-600x400.jpg 600w, https:\/\/www.compact-kaeltetechnik.de\/wp-content\/uploads\/2018\/01\/Leuteritz-Pr\u00e4sentation-1200x800-768x512.jpg 768w, https:\/\/www.compact-kaeltetechnik.de\/wp-content\/uploads\/2018\/01\/Leuteritz-Pr\u00e4sentation-1200x800-800x533.jpg 800w, https:\/\/www.compact-kaeltetechnik.de\/wp-content\/uploads\/2018\/01\/Leuteritz-Pr\u00e4sentation-1200x800-1024x683.jpg 1024w, https:\/\/www.compact-kaeltetechnik.de\/wp-content\/uploads\/2018\/01\/Leuteritz-Pr\u00e4sentation-1200x800.jpg 1200w\" data-sizes=\"auto\" data-orig-sizes=\"(max-width: 1200px) 100vw, 1200px\" \/><\/p>\n<p><img decoding=\"async\" class=\"lazyload alignnone size-full wp-image-1871\" src=\"https:\/\/www.compact-kaeltetechnik.de\/wp-content\/uploads\/2018\/01\/Schulungsraum-1200x800.jpg\" data-orig-src=\"https:\/\/www.compact-kaeltetechnik.de\/wp-content\/uploads\/2018\/01\/Schulungsraum-1200x800.jpg\" alt=\"\" width=\"1200\" height=\"800\" srcset=\"data:image\/svg+xml,%3Csvg%20xmlns%3D%27http%3A%2F%2Fwww.w3.org%2F2000%2Fsvg%27%20width%3D%271200%27%20height%3D%27800%27%20viewBox%3D%270%200%201200%20800%27%3E%3Crect%20width%3D%271200%27%20height%3D%27800%27%20fill-opacity%3D%220%22%2F%3E%3C%2Fsvg%3E\" data-srcset=\"https:\/\/www.compact-kaeltetechnik.de\/wp-content\/uploads\/2018\/01\/Schulungsraum-1200x800-200x133.jpg 200w, https:\/\/www.compact-kaeltetechnik.de\/wp-content\/uploads\/2018\/01\/Schulungsraum-1200x800-300x200.jpg 300w, https:\/\/www.compact-kaeltetechnik.de\/wp-content\/uploads\/2018\/01\/Schulungsraum-1200x800-400x267.jpg 400w, https:\/\/www.compact-kaeltetechnik.de\/wp-content\/uploads\/2018\/01\/Schulungsraum-1200x800-600x400.jpg 600w, https:\/\/www.compact-kaeltetechnik.de\/wp-content\/uploads\/2018\/01\/Schulungsraum-1200x800-768x512.jpg 768w, https:\/\/www.compact-kaeltetechnik.de\/wp-content\/uploads\/2018\/01\/Schulungsraum-1200x800-800x533.jpg 800w, https:\/\/www.compact-kaeltetechnik.de\/wp-content\/uploads\/2018\/01\/Schulungsraum-1200x800-1024x683.jpg 1024w, https:\/\/www.compact-kaeltetechnik.de\/wp-content\/uploads\/2018\/01\/Schulungsraum-1200x800.jpg 1200w\" data-sizes=\"auto\" data-orig-sizes=\"(max-width: 1200px) 100vw, 1200px\" \/><\/p>\n<p><img decoding=\"async\" class=\"lazyload alignnone size-full wp-image-1874\" src=\"data:image\/svg+xml,%3Csvg%20xmlns%3D%27http%3A%2F%2Fwww.w3.org%2F2000%2Fsvg%27%20width%3D%271200%27%20height%3D%27800%27%20viewBox%3D%270%200%201200%20800%27%3E%3Crect%20width%3D%271200%27%20height%3D%27800%27%20fill-opacity%3D%220%22%2F%3E%3C%2Fsvg%3E\" data-orig-src=\"https:\/\/www.compact-kaeltetechnik.de\/wp-content\/uploads\/2018\/01\/Rundgang-Neue-Halle-1200x800.jpg\" alt=\"\" width=\"1200\" height=\"800\" \/><\/p>\n","protected":false},"excerpt":{"rendered":"<p>Nach f\u00fcnf Jahren war die Veranstaltungsreihe in diesem Jahr wieder einmal zu Gast bei der compact K\u00e4ltetechnik GmbH in Dresden \u2013 diesmal im erst vor wenigen Tagen bezogenen neuen B\u00fcrogeb\u00e4ude an der Reisstra\u00dfe, unmittelbar hinter den bestehenden Bauten von compact. In der sich anschlie\u00dfenden ebenfalls neu errichteten Fertigungshalle wurden die technischen Voraussetzungen geschaffen, um nun  [&#8230;]<\/p>\n","protected":false},"author":13,"featured_media":1867,"comment_status":"open","ping_status":"closed","sticky":false,"template":"","format":"standard","meta":{"footnotes":""},"categories":[15],"tags":[],"class_list":["post-1846","post","type-post","status-publish","format-standard","has-post-thumbnail","hentry","category-news"],"_links":{"self":[{"href":"https:\/\/www.compact-kaeltetechnik.de\/de\/wp-json\/wp\/v2\/posts\/1846","targetHints":{"allow":["GET"]}}],"collection":[{"href":"https:\/\/www.compact-kaeltetechnik.de\/de\/wp-json\/wp\/v2\/posts"}],"about":[{"href":"https:\/\/www.compact-kaeltetechnik.de\/de\/wp-json\/wp\/v2\/types\/post"}],"author":[{"embeddable":true,"href":"https:\/\/www.compact-kaeltetechnik.de\/de\/wp-json\/wp\/v2\/users\/13"}],"replies":[{"embeddable":true,"href":"https:\/\/www.compact-kaeltetechnik.de\/de\/wp-json\/wp\/v2\/comments?post=1846"}],"version-history":[{"count":16,"href":"https:\/\/www.compact-kaeltetechnik.de\/de\/wp-json\/wp\/v2\/posts\/1846\/revisions"}],"predecessor-version":[{"id":1879,"href":"https:\/\/www.compact-kaeltetechnik.de\/de\/wp-json\/wp\/v2\/posts\/1846\/revisions\/1879"}],"wp:featuredmedia":[{"embeddable":true,"href":"https:\/\/www.compact-kaeltetechnik.de\/de\/wp-json\/wp\/v2\/media\/1867"}],"wp:attachment":[{"href":"https:\/\/www.compact-kaeltetechnik.de\/de\/wp-json\/wp\/v2\/media?parent=1846"}],"wp:term":[{"taxonomy":"category","embeddable":true,"href":"https:\/\/www.compact-kaeltetechnik.de\/de\/wp-json\/wp\/v2\/categories?post=1846"},{"taxonomy":"post_tag","embeddable":true,"href":"https:\/\/www.compact-kaeltetechnik.de\/de\/wp-json\/wp\/v2\/tags?post=1846"}],"curies":[{"name":"wp","href":"https:\/\/api.w.org\/{rel}","templated":true}]}}