{"id":13910,"date":"2024-12-05T12:31:50","date_gmt":"2024-12-05T11:31:50","guid":{"rendered":"https:\/\/www.compact-kaeltetechnik.de\/?p=13910"},"modified":"2025-01-27T08:07:45","modified_gmt":"2025-01-27T07:07:45","slug":"baumpflanzung-und-klimaschutz","status":"publish","type":"post","link":"https:\/\/www.compact-kaeltetechnik.de\/de\/news\/baumpflanzung-und-klimaschutz\/","title":{"rendered":"Baumpflanzung und Klimaschutz"},"content":{"rendered":"<div class=\"fusion-fullwidth fullwidth-box fusion-builder-row-1 fusion-flex-container nonhundred-percent-fullwidth non-hundred-percent-height-scrolling\" style=\"--awb-border-radius-top-left:0px;--awb-border-radius-top-right:0px;--awb-border-radius-bottom-right:0px;--awb-border-radius-bottom-left:0px;--awb-padding-top:0px;--awb-flex-wrap:wrap;\" ><div class=\"fusion-builder-row fusion-row fusion-flex-align-items-flex-start fusion-flex-content-wrap\" style=\"max-width:1248px;margin-left: calc(-4% \/ 2 );margin-right: calc(-4% \/ 2 );\"><div class=\"fusion-layout-column fusion_builder_column fusion-builder-column-0 fusion_builder_column_1_1 1_1 fusion-flex-column\" style=\"--awb-padding-bottom:-1.2em;--awb-bg-size:cover;--awb-width-large:100%;--awb-margin-top-large:0px;--awb-spacing-right-large:1.92%;--awb-margin-bottom-large:3.6%;--awb-spacing-left-large:1.92%;--awb-width-medium:100%;--awb-order-medium:0;--awb-spacing-right-medium:1.92%;--awb-spacing-left-medium:1.92%;--awb-width-small:100%;--awb-order-small:0;--awb-spacing-right-small:1.92%;--awb-spacing-left-small:1.92%;\" data-scroll-devices=\"small-visibility,medium-visibility,large-visibility\"><div class=\"fusion-column-wrapper fusion-column-has-shadow fusion-flex-justify-content-flex-start fusion-content-layout-column\"><div class=\"fusion-title title fusion-title-1 fusion-sep-none fusion-title-text fusion-title-size-two\" style=\"--awb-margin-bottom:0px;--awb-margin-top-small:0px;--awb-margin-right-small:0px;--awb-margin-bottom-small:0px;--awb-margin-left-small:0px;--awb-font-size:32px;\"><h2 class=\"fusion-title-heading title-heading-left fusion-responsive-typography-calculated\" style=\"margin:0;font-size:1em;--fontSize:32;line-height:1.2;\"><p><span style=\"color: #333333;\">Mit einer Baumpatenschaft der Natur etwas zur\u00fcck geben.<br \/>\n<\/span><\/p><\/h2><\/div><\/div><\/div><div class=\"fusion-layout-column fusion_builder_column fusion-builder-column-1 fusion_builder_column_1_3 1_3 fusion-flex-column\" style=\"--awb-bg-size:cover;--awb-width-large:33.333333333333%;--awb-margin-top-large:0px;--awb-spacing-right-large:5.76%;--awb-margin-bottom-large:2%;--awb-spacing-left-large:5.76%;--awb-width-medium:100%;--awb-order-medium:0;--awb-spacing-right-medium:1.92%;--awb-spacing-left-medium:1.92%;--awb-width-small:100%;--awb-order-small:0;--awb-spacing-right-small:1.92%;--awb-spacing-left-small:1.92%;\"><div class=\"fusion-column-wrapper fusion-column-has-shadow fusion-flex-justify-content-flex-start fusion-content-layout-column\"><div class=\"fusion-image-element \" style=\"--awb-aspect-ratio:1 \/ 1;--awb-object-position:31% 46%;--awb-caption-title-font-family:var(--h2_typography-font-family);--awb-caption-title-font-weight:var(--h2_typography-font-weight);--awb-caption-title-font-style:var(--h2_typography-font-style);--awb-caption-title-size:var(--h2_typography-font-size);--awb-caption-title-transform:var(--h2_typography-text-transform);--awb-caption-title-line-height:var(--h2_typography-line-height);--awb-caption-title-letter-spacing:var(--h2_typography-letter-spacing);\"><span class=\" fusion-imageframe imageframe-none imageframe-1 hover-type-none has-aspect-ratio\"><img decoding=\"async\" width=\"2560\" height=\"1709\" title=\"Young rowan tree seedling grow from old stump in Poland forest.\" src=\"https:\/\/www.compact-kaeltetechnik.de\/wp-content\/uploads\/2024\/11\/AdobeStock_310036430_Chillventa-2024-scaled.jpeg\" data-orig-src=\"https:\/\/www.compact-kaeltetechnik.de\/wp-content\/uploads\/2024\/11\/AdobeStock_310036430_Chillventa-2024-scaled.jpeg\" class=\"lazyload img-responsive wp-image-21757 img-with-aspect-ratio\" data-parent-fit=\"cover\" data-parent-container=\".fusion-image-element\" alt srcset=\"data:image\/svg+xml,%3Csvg%20xmlns%3D%27http%3A%2F%2Fwww.w3.org%2F2000%2Fsvg%27%20width%3D%272560%27%20height%3D%271709%27%20viewBox%3D%270%200%202560%201709%27%3E%3Crect%20width%3D%272560%27%20height%3D%271709%27%20fill-opacity%3D%220%22%2F%3E%3C%2Fsvg%3E\" data-srcset=\"https:\/\/www.compact-kaeltetechnik.de\/wp-content\/uploads\/2024\/11\/AdobeStock_310036430_Chillventa-2024-200x134.jpeg 200w, https:\/\/www.compact-kaeltetechnik.de\/wp-content\/uploads\/2024\/11\/AdobeStock_310036430_Chillventa-2024-400x267.jpeg 400w, https:\/\/www.compact-kaeltetechnik.de\/wp-content\/uploads\/2024\/11\/AdobeStock_310036430_Chillventa-2024-600x401.jpeg 600w, https:\/\/www.compact-kaeltetechnik.de\/wp-content\/uploads\/2024\/11\/AdobeStock_310036430_Chillventa-2024-800x534.jpeg 800w, https:\/\/www.compact-kaeltetechnik.de\/wp-content\/uploads\/2024\/11\/AdobeStock_310036430_Chillventa-2024-1200x801.jpeg 1200w, https:\/\/www.compact-kaeltetechnik.de\/wp-content\/uploads\/2024\/11\/AdobeStock_310036430_Chillventa-2024-scaled.jpeg 2560w\" data-sizes=\"auto\" data-orig-sizes=\"(max-width: 1300px) 100vw, (max-width: 640px) 100vw, 400px\" \/><\/span><\/div><\/div><\/div><div class=\"fusion-layout-column fusion_builder_column fusion-builder-column-2 fusion_builder_column_2_3 2_3 fusion-flex-column\" style=\"--awb-padding-left:0px;--awb-bg-size:cover;--awb-width-large:66.666666666667%;--awb-margin-top-large:0px;--awb-spacing-right-large:2.88%;--awb-margin-bottom-large:2%;--awb-spacing-left-large:2.88%;--awb-width-medium:100%;--awb-order-medium:0;--awb-spacing-right-medium:1.92%;--awb-spacing-left-medium:1.92%;--awb-width-small:100%;--awb-order-small:0;--awb-spacing-right-small:1.92%;--awb-spacing-left-small:1.92%;\" data-scroll-devices=\"small-visibility,medium-visibility,large-visibility\"><div class=\"fusion-column-wrapper fusion-column-has-shadow fusion-flex-justify-content-flex-start fusion-content-layout-column\"><div class=\"fusion-text fusion-text-1\"><h3><strong>Weihnachtsw\u00fcnsche mit Herz: Unsere Baumspenden-Aktion 2024<\/strong><\/h3>\n<p>Mit unserer Aktion <em>\u201eKlicken, konfigurieren &amp; Nachhaltigkeit unterst\u00fctzen\u201c<\/em> haben wir im Weihnachtsnewsletter 2024 nicht nur unsere neue, smarte K\u00e4lte-Planung\u00a0<a href=\"https:\/\/www.compact-kaeltetechnik.de\/de\/konfiguratoren\/\"><strong>*cmartR-tool<\/strong><\/a> vorgestellt, sondern auch etwas <strong>Gutes f\u00fcr die Umwelt<\/strong> getan. compact K\u00e4ltetechnik hat jeden Klick auf den Link zum *<em>cmartR-tool<\/em> in <strong>eine Baumspende<\/strong> f\u00fcr die Aufforstung einheimischer W\u00e4lder verwandelt.<\/p>\n<p>Dank Ihrer Unterst\u00fctzung konnten wir eine <strong>Spendensumme von<\/strong> <strong>750,- EURO<\/strong> erreichen, die direkt in die Pflanzung neuer B\u00e4ume flie\u00dft. Gemeinsam mit unseren Auszubildenden werden wir die Setzlinge in einem Teambuilding-Event im Fr\u00fchjahr 2025 pflanzen.<\/p>\n<p>Entdecken Sie weiterhin unser *<em>cmartR-tool<\/em>, dass Sie unterst\u00fctzt, effizient und einfach Ihre compact CO\u2082-K\u00e4ltel\u00f6sung zu planen. So tragen wir gemeinsam dazu bei, CO\u2082 zu binden und unsere Umwelt nachhaltig zu st\u00e4rken. Vielen Dank, dass Sie unser Herzensprojekt unterst\u00fctzt haben!<\/p>\n<\/div><\/div><\/div><div class=\"fusion-layout-column fusion_builder_column fusion-builder-column-3 fusion_builder_column_1_1 1_1 fusion-flex-column\" style=\"--awb-bg-size:cover;--awb-width-large:100%;--awb-margin-top-large:0px;--awb-spacing-right-large:1.92%;--awb-margin-bottom-large:2%;--awb-spacing-left-large:1.92%;--awb-width-medium:100%;--awb-order-medium:0;--awb-spacing-right-medium:1.92%;--awb-spacing-left-medium:1.92%;--awb-width-small:100%;--awb-order-small:0;--awb-spacing-right-small:1.92%;--awb-spacing-left-small:1.92%;\"><div class=\"fusion-column-wrapper fusion-column-has-shadow fusion-flex-justify-content-flex-start fusion-content-layout-column\"><div class=\"fusion-content-boxes content-boxes columns row fusion-columns-1 fusion-columns-total-1 fusion-content-boxes-1 content-boxes-timeline-horizontal content-left content-boxes-icon-on-top content-boxes-timeline-layout fusion-delayed-animation\" style=\"--awb-backgroundcolor:var(--awb-color2);--awb-margin-top:1.2em;--awb-margin-bottom:0px;--awb-hover-accent-color:var(--awb-color7);--awb-circle-hover-accent-color:var(--awb-color7);--awb-item-margin-bottom:40px;\" data-animation-delay=\"350\" data-animationOffset=\"top-into-view\"><div style=\"--awb-backgroundcolor:var(--awb-color2);\" class=\"fusion-column content-box-column content-box-column content-box-column-1 col-lg-12 col-md-12 col-sm-12 fusion-content-box-hover content-box-column-last content-box-column-last-in-row\"><div class=\"col content-box-wrapper content-wrapper-background link-area-link-icon icon-hover-animation-fade fusion-animated\" data-animationType=\"fadeIn\" data-animationDuration=\"0.25\" data-animationOffset=\"top-into-view\"><div class=\"heading icon-left\"><h2 class=\"content-box-heading fusion-responsive-typography-calculated\" style=\"--h2_typography-font-size:18px;--fontSize:18;line-height:1.2;\">\u201eJeder Baum z\u00e4hlt und ist ein Gewinn f\u00fcr Mensch und Tier, Natur und Klima.\u201c <\/h2><\/div><div class=\"fusion-clearfix\"><\/div><div class=\"content-container\">\n<p style=\"text-align: center;\">Stiftung Wald f\u00fcr Sachsen<\/p>\n<\/div><\/div><\/div><div class=\"fusion-clearfix\"><\/div><\/div><\/div><\/div><div class=\"fusion-layout-column fusion_builder_column fusion-builder-column-4 fusion_builder_column_2_3 2_3 fusion-flex-column\" style=\"--awb-bg-size:cover;--awb-width-large:66.666666666667%;--awb-margin-top-large:0px;--awb-spacing-right-large:2.88%;--awb-margin-bottom-large:0px;--awb-spacing-left-large:2.88%;--awb-width-medium:100%;--awb-order-medium:0;--awb-spacing-right-medium:1.92%;--awb-spacing-left-medium:1.92%;--awb-width-small:100%;--awb-order-small:0;--awb-spacing-right-small:1.92%;--awb-spacing-left-small:1.92%;\" data-scroll-devices=\"small-visibility,medium-visibility,large-visibility\"><div class=\"fusion-column-wrapper fusion-column-has-shadow fusion-flex-justify-content-flex-start fusion-content-layout-column\"><div class=\"fusion-content-boxes content-boxes columns row fusion-columns-1 fusion-columns-total-2 fusion-content-boxes-2 content-boxes-icon-with-title content-left\" style=\"--awb-hover-accent-color:var(--awb-color7);--awb-circle-hover-accent-color:var(--awb-color7);--awb-item-margin-bottom:40px;\" data-animationOffset=\"top-into-view\"><div style=\"--awb-backgroundcolor:rgba(255,255,255,0);\" class=\"fusion-column content-box-column content-box-column content-box-column-1 col-lg-12 col-md-12 col-sm-12 fusion-content-box-hover content-box-column-last-in-row\"><div class=\"col content-box-wrapper content-wrapper link-area-link-icon icon-hover-animation-fade\" data-animationOffset=\"top-into-view\"><div class=\"heading icon-left\"><h2 class=\"content-box-heading fusion-responsive-typography-calculated\" style=\"--h2_typography-font-size:18px;--fontSize:18;line-height:1.2;\">Unsere Lebenswelt nachhaltig sch\u00fctzen.<\/h2><\/div><div class=\"fusion-clearfix\"><\/div><div class=\"content-container\">\n<p>Wir sind der Meinung, dass wir als Unternehmen eine Verantwortung tragen, welche \u00fcber die Konzeption und die Herstellung umweltfreundlicher K\u00e4ltemaschinen hinausgeht. Daher wollen wir auch dieses Jahres wieder einen Spendenbeitrag f\u00fcr Umwelt- und Klimaschutz leisten. Die Aufforstung und Umgestaltung einheimischer W\u00e4lder, liegt uns dabei besonders am Herzen. In Sachsen ben\u00f6tigen Baumpflanzungen weitere Unterst\u00fctzung und wir haben uns wieder f\u00fcr eine Spenden-Aktion zur F\u00f6rderung der <a href=\"https:\/\/mehr-wald-fuer-sachsen.de\/\" target=\"_blank\" rel=\"noopener\"><strong>\u201eStiftung Wald f\u00fcr Sachsen\u201c<\/strong><\/a> entschieden.<\/p>\n<\/div><\/div><\/div><div style=\"--awb-backgroundcolor:rgba(255,255,255,0);\" class=\"fusion-column content-box-column content-box-column content-box-column-2 col-lg-12 col-md-12 col-sm-12 fusion-content-box-hover content-box-column-last content-box-column-last-in-row\"><div class=\"col content-box-wrapper content-wrapper link-area-link-icon icon-hover-animation-fade\" data-animationOffset=\"top-into-view\"><div class=\"heading icon-left\"><h2 class=\"content-box-heading fusion-responsive-typography-calculated\" style=\"--h2_typography-font-size:18px;--fontSize:18;line-height:1.2;\">Was das \u00d6kosystem Wald f\u00fcr uns tut.<\/h2><\/div><div class=\"fusion-clearfix\"><\/div><div class=\"content-container\">\n<ul>\n<li><strong>Klimasch\u00fctzer:<\/strong> Ein Hektar Wald bindet rund 10 Tonnen\u00a0CO<sub>2<\/sub> im Jahr. Das entspricht etwa der Menge, die ein Mensch in Deutschland pro Jahr verursacht.<\/li>\n<li><strong>Wasserspeicher:<\/strong> Der Wald ist ein gro\u00dfes Wasserwerk. Ca. 70 Prozent des deutschen Trinkwassers werden durch ihn gewonnen.<\/li>\n<li><strong>Lebensraum:<\/strong> Mehr als 10.000 Tier- und Pflanzenarten bietet der deutsche Wald einen Lebensraum und ist damit eines der artenreichsten \u00d6kosysteme Mitteleuropas.<\/li>\n<li><strong>Sauerstoffproduzent:<\/strong> Die durchschnittlich von einem Baum freigegebene Menge Sauerstoff gen\u00fcgt etwa elf Menschen zum Atmen.<\/li>\n<li><strong>Erholungsort:<\/strong> B\u00e4ume haben eine ideelle Bedeutung f\u00fcr Menschen, sind Symbol f\u00fcr das Bleibende und sind Erinnerungsort. <span class=\"ui-provider a b c d e f g h i j k l m n o p q r s t u v w x y z ab ac ae af ag ah ai aj ak\" dir=\"ltr\">Wir brauchen den Wald auch f\u00fcr Erholung, Vitalit\u00e4t sowie f\u00fcr Sport und zahlreiche Aktivit\u00e4ten.<\/span><\/li>\n<li><strong>Vorsorge:<\/strong> Neben den Ozeanen ist der Wald ein unverzichtbarer Verb\u00fcndeter im Kampf gegen den Klimawandel.<\/li>\n<\/ul>\n<\/div><\/div><\/div><div class=\"fusion-clearfix\"><\/div><\/div><\/div><\/div><div class=\"fusion-layout-column fusion_builder_column fusion-builder-column-5 fusion_builder_column_1_3 1_3 fusion-flex-column\" style=\"--awb-bg-size:cover;--awb-width-large:33.333333333333%;--awb-margin-top-large:0px;--awb-spacing-right-large:5.76%;--awb-margin-bottom-large:2%;--awb-spacing-left-large:5.76%;--awb-width-medium:100%;--awb-order-medium:0;--awb-spacing-right-medium:1.92%;--awb-spacing-left-medium:1.92%;--awb-width-small:100%;--awb-order-small:0;--awb-spacing-right-small:1.92%;--awb-spacing-left-small:1.92%;\"><div class=\"fusion-column-wrapper fusion-column-has-shadow fusion-flex-justify-content-flex-start fusion-content-layout-column\"><div class=\"fusion-image-element \" style=\"--awb-caption-title-font-family:var(--h2_typography-font-family);--awb-caption-title-font-weight:var(--h2_typography-font-weight);--awb-caption-title-font-style:var(--h2_typography-font-style);--awb-caption-title-size:var(--h2_typography-font-size);--awb-caption-title-transform:var(--h2_typography-text-transform);--awb-caption-title-line-height:var(--h2_typography-line-height);--awb-caption-title-letter-spacing:var(--h2_typography-letter-spacing);\"><span class=\" fusion-imageframe imageframe-none imageframe-2 hover-type-none\"><img decoding=\"async\" width=\"2560\" height=\"1707\" title=\"haende-die-anlage-schuetzen\" src=\"https:\/\/www.compact-kaeltetechnik.de\/wp-content\/uploads\/2023\/11\/haende-die-anlage-schuetzen-2-scaled.jpg\" data-orig-src=\"https:\/\/www.compact-kaeltetechnik.de\/wp-content\/uploads\/2023\/11\/haende-die-anlage-schuetzen-2-scaled.jpg\" alt class=\"lazyload img-responsive wp-image-13719\" srcset=\"data:image\/svg+xml,%3Csvg%20xmlns%3D%27http%3A%2F%2Fwww.w3.org%2F2000%2Fsvg%27%20width%3D%272560%27%20height%3D%271707%27%20viewBox%3D%270%200%202560%201707%27%3E%3Crect%20width%3D%272560%27%20height%3D%271707%27%20fill-opacity%3D%220%22%2F%3E%3C%2Fsvg%3E\" data-srcset=\"https:\/\/www.compact-kaeltetechnik.de\/wp-content\/uploads\/2023\/11\/haende-die-anlage-schuetzen-2-200x133.jpg 200w, https:\/\/www.compact-kaeltetechnik.de\/wp-content\/uploads\/2023\/11\/haende-die-anlage-schuetzen-2-400x267.jpg 400w, https:\/\/www.compact-kaeltetechnik.de\/wp-content\/uploads\/2023\/11\/haende-die-anlage-schuetzen-2-600x400.jpg 600w, https:\/\/www.compact-kaeltetechnik.de\/wp-content\/uploads\/2023\/11\/haende-die-anlage-schuetzen-2-800x533.jpg 800w, https:\/\/www.compact-kaeltetechnik.de\/wp-content\/uploads\/2023\/11\/haende-die-anlage-schuetzen-2-1200x800.jpg 1200w, https:\/\/www.compact-kaeltetechnik.de\/wp-content\/uploads\/2023\/11\/haende-die-anlage-schuetzen-2-scaled.jpg 2560w\" data-sizes=\"auto\" data-orig-sizes=\"(max-width: 1300px) 100vw, (max-width: 640px) 100vw, 400px\" \/><\/span><\/div><div class=\"fusion-separator fusion-full-width-sep\" style=\"align-self: center;margin-left: auto;margin-right: auto;margin-top:10px;margin-bottom:10px;width:100%;\"><\/div><div class=\"fusion-image-element \" style=\"--awb-caption-title-font-family:var(--h2_typography-font-family);--awb-caption-title-font-weight:var(--h2_typography-font-weight);--awb-caption-title-font-style:var(--h2_typography-font-style);--awb-caption-title-size:var(--h2_typography-font-size);--awb-caption-title-transform:var(--h2_typography-text-transform);--awb-caption-title-line-height:var(--h2_typography-line-height);--awb-caption-title-letter-spacing:var(--h2_typography-letter-spacing);\"><span class=\" fusion-imageframe imageframe-none imageframe-3 hover-type-none\"><img decoding=\"async\" width=\"600\" height=\"800\" title=\"Pflanzaktion_compact_2\" src=\"https:\/\/www.compact-kaeltetechnik.de\/wp-content\/uploads\/2022\/12\/Pflanzaktion_compact_2.jpg\" data-orig-src=\"https:\/\/www.compact-kaeltetechnik.de\/wp-content\/uploads\/2022\/12\/Pflanzaktion_compact_2-600x800.jpg\" alt class=\"lazyload img-responsive wp-image-8815\" srcset=\"data:image\/svg+xml,%3Csvg%20xmlns%3D%27http%3A%2F%2Fwww.w3.org%2F2000%2Fsvg%27%20width%3D%271500%27%20height%3D%272000%27%20viewBox%3D%270%200%201500%202000%27%3E%3Crect%20width%3D%271500%27%20height%3D%272000%27%20fill-opacity%3D%220%22%2F%3E%3C%2Fsvg%3E\" data-srcset=\"https:\/\/www.compact-kaeltetechnik.de\/wp-content\/uploads\/2022\/12\/Pflanzaktion_compact_2-200x267.jpg 200w, https:\/\/www.compact-kaeltetechnik.de\/wp-content\/uploads\/2022\/12\/Pflanzaktion_compact_2-400x533.jpg 400w, https:\/\/www.compact-kaeltetechnik.de\/wp-content\/uploads\/2022\/12\/Pflanzaktion_compact_2-600x800.jpg 600w, https:\/\/www.compact-kaeltetechnik.de\/wp-content\/uploads\/2022\/12\/Pflanzaktion_compact_2-800x1067.jpg 800w, https:\/\/www.compact-kaeltetechnik.de\/wp-content\/uploads\/2022\/12\/Pflanzaktion_compact_2-1200x1600.jpg 1200w, https:\/\/www.compact-kaeltetechnik.de\/wp-content\/uploads\/2022\/12\/Pflanzaktion_compact_2.jpg 1500w\" data-sizes=\"auto\" data-orig-sizes=\"(max-width: 1300px) 100vw, (max-width: 640px) 100vw, 400px\" \/><\/span><\/div><\/div><\/div><div class=\"fusion-layout-column fusion_builder_column fusion-builder-column-6 fusion_builder_column_1_1 1_1 fusion-flex-column\" style=\"--awb-bg-size:cover;--awb-width-large:100%;--awb-margin-top-large:0px;--awb-spacing-right-large:1.92%;--awb-margin-bottom-large:2%;--awb-spacing-left-large:1.92%;--awb-width-medium:100%;--awb-order-medium:0;--awb-spacing-right-medium:1.92%;--awb-spacing-left-medium:1.92%;--awb-width-small:100%;--awb-order-small:0;--awb-spacing-right-small:1.92%;--awb-spacing-left-small:1.92%;\"><div class=\"fusion-column-wrapper fusion-column-has-shadow fusion-flex-justify-content-flex-start fusion-content-layout-column\"><div class=\"fusion-content-boxes content-boxes columns row fusion-columns-1 fusion-columns-total-1 fusion-content-boxes-3 content-boxes-timeline-horizontal content-left content-boxes-icon-on-top content-boxes-timeline-layout fusion-delayed-animation\" style=\"--awb-margin-top:3.0em;--awb-margin-bottom:0px;--awb-hover-accent-color:var(--awb-color7);--awb-circle-hover-accent-color:var(--awb-color7);--awb-item-margin-bottom:40px;\" data-animation-delay=\"350\" data-animationOffset=\"top-into-view\"><div style=\"--awb-backgroundcolor:rgba(255,255,255,0);\" class=\"fusion-column content-box-column content-box-column content-box-column-1 col-lg-12 col-md-12 col-sm-12 fusion-content-box-hover content-box-column-last content-box-column-last-in-row\"><div class=\"col content-box-wrapper content-wrapper link-area-link-icon icon-hover-animation-fade fusion-animated\" data-animationType=\"fadeIn\" data-animationDuration=\"0.25\" data-animationOffset=\"top-into-view\"><div class=\"heading icon-left\"><h2 class=\"content-box-heading fusion-responsive-typography-calculated\" style=\"--h2_typography-font-size:18px;--fontSize:18;line-height:1.2;\">K\u00e4lteanlagen und Klimaschutz Hand in Hand.<\/h2><\/div><div class=\"fusion-clearfix\"><\/div><div class=\"content-container\">\n<p>Nat\u00fcrliche K\u00e4ltemittel sind nach wie vor ein \u201ehei\u00df\u201c diskutiertes Thema in der K\u00e4ltebranche. Es ist absehbar, dass die Anwendungsm\u00f6glichkeiten synthetischer K\u00e4ltemittel auf Grundlage der F-Gas-Verordnung in den kommenden Jahren stark eingeschr\u00e4nkt werden. Die K\u00e4ltebranche befindet sich im Wandel und die verst\u00e4rkte Ausrichtung hin zu umweltvertr\u00e4glichen K\u00e4ltemitteln bietet neue Potentiale.<\/p>\n<p>Neue \u201eK\u00e4ltel\u00f6sungen\u201c im Einklang mit Klima- und Umweltschutz zu entwickeln, ist unser Antrieb. Wir bei compact K\u00e4ltetechnik stellen nicht nur nachhaltige CO2-K\u00e4lteanlagen f\u00fcr unterschiedlichste Einsatzbereiche her. Wir engagieren uns zus\u00e4tzlich f\u00fcr regionale, nachhaltige Umweltschutz-Projekte.<\/p>\n<\/div><\/div><\/div><div class=\"fusion-clearfix\"><\/div><\/div><\/div><\/div><div class=\"fusion-layout-column fusion_builder_column fusion-builder-column-7 fusion_builder_column_1_5 1_5 fusion-flex-column\" style=\"--awb-bg-size:cover;--awb-width-large:20%;--awb-margin-top-large:0px;--awb-spacing-right-large:9.6%;--awb-margin-bottom-large:2%;--awb-spacing-left-large:9.6%;--awb-width-medium:100%;--awb-order-medium:0;--awb-spacing-right-medium:1.92%;--awb-spacing-left-medium:1.92%;--awb-width-small:100%;--awb-order-small:0;--awb-spacing-right-small:1.92%;--awb-spacing-left-small:1.92%;\"><div class=\"fusion-column-wrapper fusion-column-has-shadow fusion-flex-justify-content-flex-start fusion-content-layout-column\"><div class=\"fusion-image-element \" style=\"text-align:center;--awb-margin-bottom:0.9em;--awb-max-width:250px;--awb-caption-title-font-family:var(--h2_typography-font-family);--awb-caption-title-font-weight:var(--h2_typography-font-weight);--awb-caption-title-font-style:var(--h2_typography-font-style);--awb-caption-title-size:var(--h2_typography-font-size);--awb-caption-title-transform:var(--h2_typography-text-transform);--awb-caption-title-line-height:var(--h2_typography-line-height);--awb-caption-title-letter-spacing:var(--h2_typography-letter-spacing);\"><span class=\" fusion-imageframe imageframe-none imageframe-4 hover-type-none\"><img decoding=\"async\" width=\"763\" height=\"500\" title=\"COM_Baeume-links-png\" src=\"https:\/\/www.compact-kaeltetechnik.de\/wp-content\/uploads\/2023\/11\/COM_Baeume-links-png.png\" data-orig-src=\"https:\/\/www.compact-kaeltetechnik.de\/wp-content\/uploads\/2023\/11\/COM_Baeume-links-png.png\" alt class=\"lazyload img-responsive wp-image-13766\" srcset=\"data:image\/svg+xml,%3Csvg%20xmlns%3D%27http%3A%2F%2Fwww.w3.org%2F2000%2Fsvg%27%20width%3D%27763%27%20height%3D%27500%27%20viewBox%3D%270%200%20763%20500%27%3E%3Crect%20width%3D%27763%27%20height%3D%27500%27%20fill-opacity%3D%220%22%2F%3E%3C%2Fsvg%3E\" data-srcset=\"https:\/\/www.compact-kaeltetechnik.de\/wp-content\/uploads\/2023\/11\/COM_Baeume-links-png-200x131.png 200w, https:\/\/www.compact-kaeltetechnik.de\/wp-content\/uploads\/2023\/11\/COM_Baeume-links-png-400x262.png 400w, https:\/\/www.compact-kaeltetechnik.de\/wp-content\/uploads\/2023\/11\/COM_Baeume-links-png-600x393.png 600w, https:\/\/www.compact-kaeltetechnik.de\/wp-content\/uploads\/2023\/11\/COM_Baeume-links-png.png 763w\" data-sizes=\"auto\" data-orig-sizes=\"(max-width: 1300px) 100vw, (max-width: 640px) 100vw, 200px\" \/><\/span><\/div><div class=\"fusion-title title fusion-title-2 fusion-sep-none fusion-title-center fusion-title-text fusion-title-size-paragraph\" style=\"--awb-margin-top-small:0px;--awb-margin-right-small:0px;--awb-margin-bottom-small:20px;--awb-margin-left-small:0px;\"><p class=\"fusion-title-heading title-heading-center title-heading-tag fusion-responsive-typography-calculated\" style=\"margin:0;--fontSize:20;--minFontSize:20;line-height:1.5;\"><strong><span style=\"color: #c6007e;\">2019 &#8211; erste Spende<\/span> f\u00fcr Baumpflanzungen in der Region und Beginn einer langfristigen Unterst\u00fctzung<\/strong><\/p><\/div><\/div><\/div><div class=\"fusion-layout-column fusion_builder_column fusion-builder-column-8 fusion_builder_column_1_5 1_5 fusion-flex-column\" style=\"--awb-bg-size:cover;--awb-width-large:20%;--awb-margin-top-large:0px;--awb-spacing-right-large:9.6%;--awb-margin-bottom-large:2%;--awb-spacing-left-large:9.6%;--awb-width-medium:100%;--awb-order-medium:0;--awb-spacing-right-medium:1.92%;--awb-spacing-left-medium:1.92%;--awb-width-small:100%;--awb-order-small:0;--awb-spacing-right-small:1.92%;--awb-spacing-left-small:1.92%;\"><div class=\"fusion-column-wrapper fusion-column-has-shadow fusion-flex-justify-content-flex-start fusion-content-layout-column\"><div class=\"fusion-image-element \" style=\"text-align:center;--awb-margin-bottom:0.9em;--awb-max-width:250px;--awb-caption-title-font-family:var(--h2_typography-font-family);--awb-caption-title-font-weight:var(--h2_typography-font-weight);--awb-caption-title-font-style:var(--h2_typography-font-style);--awb-caption-title-size:var(--h2_typography-font-size);--awb-caption-title-transform:var(--h2_typography-text-transform);--awb-caption-title-line-height:var(--h2_typography-line-height);--awb-caption-title-letter-spacing:var(--h2_typography-letter-spacing);\"><span class=\" fusion-imageframe imageframe-none imageframe-5 hover-type-none\"><img decoding=\"async\" width=\"763\" height=\"500\" title=\"COM_Setzlinge-png\" src=\"https:\/\/www.compact-kaeltetechnik.de\/wp-content\/uploads\/2023\/11\/COM_Setzlinge-png.png\" data-orig-src=\"https:\/\/www.compact-kaeltetechnik.de\/wp-content\/uploads\/2023\/11\/COM_Setzlinge-png.png\" alt class=\"lazyload img-responsive wp-image-13753\" srcset=\"data:image\/svg+xml,%3Csvg%20xmlns%3D%27http%3A%2F%2Fwww.w3.org%2F2000%2Fsvg%27%20width%3D%27763%27%20height%3D%27500%27%20viewBox%3D%270%200%20763%20500%27%3E%3Crect%20width%3D%27763%27%20height%3D%27500%27%20fill-opacity%3D%220%22%2F%3E%3C%2Fsvg%3E\" data-srcset=\"https:\/\/www.compact-kaeltetechnik.de\/wp-content\/uploads\/2023\/11\/COM_Setzlinge-png-200x131.png 200w, https:\/\/www.compact-kaeltetechnik.de\/wp-content\/uploads\/2023\/11\/COM_Setzlinge-png-400x262.png 400w, https:\/\/www.compact-kaeltetechnik.de\/wp-content\/uploads\/2023\/11\/COM_Setzlinge-png-600x393.png 600w, https:\/\/www.compact-kaeltetechnik.de\/wp-content\/uploads\/2023\/11\/COM_Setzlinge-png.png 763w\" data-sizes=\"auto\" data-orig-sizes=\"(max-width: 1300px) 100vw, (max-width: 640px) 100vw, 200px\" \/><\/span><\/div><div class=\"fusion-title title fusion-title-3 fusion-sep-none fusion-title-center fusion-title-text fusion-title-size-paragraph\" style=\"--awb-margin-top-small:0px;--awb-margin-right-small:0px;--awb-margin-bottom-small:20px;--awb-margin-left-small:0px;\"><p class=\"fusion-title-heading title-heading-center title-heading-tag fusion-responsive-typography-calculated\" style=\"margin:0;--fontSize:20;--minFontSize:20;line-height:1.5;\"><p><strong><span style=\"color: #c6007e;\">2022 &#8211; pflanzt das compact Team<\/span> gemeinsam mit seinen Familien 1.000 B\u00e4ume f\u00fcr die \u201eStiftung Wald f\u00fcr Sachsen\u201c<br \/>\n<\/strong><\/p><\/p><\/div><\/div><\/div><div class=\"fusion-layout-column fusion_builder_column fusion-builder-column-9 fusion_builder_column_1_5 1_5 fusion-flex-column\" style=\"--awb-bg-size:cover;--awb-width-large:20%;--awb-margin-top-large:0px;--awb-spacing-right-large:9.6%;--awb-margin-bottom-large:2%;--awb-spacing-left-large:9.6%;--awb-width-medium:100%;--awb-order-medium:0;--awb-spacing-right-medium:1.92%;--awb-spacing-left-medium:1.92%;--awb-width-small:100%;--awb-order-small:0;--awb-spacing-right-small:1.92%;--awb-spacing-left-small:1.92%;\"><div class=\"fusion-column-wrapper fusion-column-has-shadow fusion-flex-justify-content-flex-start fusion-content-layout-column\"><div class=\"fusion-image-element \" style=\"text-align:center;--awb-margin-bottom:0.9em;--awb-max-width:250px;--awb-caption-title-font-family:var(--h2_typography-font-family);--awb-caption-title-font-weight:var(--h2_typography-font-weight);--awb-caption-title-font-style:var(--h2_typography-font-style);--awb-caption-title-size:var(--h2_typography-font-size);--awb-caption-title-transform:var(--h2_typography-text-transform);--awb-caption-title-line-height:var(--h2_typography-line-height);--awb-caption-title-letter-spacing:var(--h2_typography-letter-spacing);\"><span class=\" fusion-imageframe imageframe-none imageframe-6 hover-type-none\"><img decoding=\"async\" width=\"763\" height=\"500\" title=\"COM_Wolken-dreier-png\" src=\"https:\/\/www.compact-kaeltetechnik.de\/wp-content\/uploads\/2023\/11\/COM_Wolken-dreier-png.png\" data-orig-src=\"https:\/\/www.compact-kaeltetechnik.de\/wp-content\/uploads\/2023\/11\/COM_Wolken-dreier-png.png\" alt class=\"lazyload img-responsive wp-image-13756\" srcset=\"data:image\/svg+xml,%3Csvg%20xmlns%3D%27http%3A%2F%2Fwww.w3.org%2F2000%2Fsvg%27%20width%3D%27763%27%20height%3D%27500%27%20viewBox%3D%270%200%20763%20500%27%3E%3Crect%20width%3D%27763%27%20height%3D%27500%27%20fill-opacity%3D%220%22%2F%3E%3C%2Fsvg%3E\" data-srcset=\"https:\/\/www.compact-kaeltetechnik.de\/wp-content\/uploads\/2023\/11\/COM_Wolken-dreier-png-200x131.png 200w, https:\/\/www.compact-kaeltetechnik.de\/wp-content\/uploads\/2023\/11\/COM_Wolken-dreier-png-400x262.png 400w, https:\/\/www.compact-kaeltetechnik.de\/wp-content\/uploads\/2023\/11\/COM_Wolken-dreier-png-600x393.png 600w, https:\/\/www.compact-kaeltetechnik.de\/wp-content\/uploads\/2023\/11\/COM_Wolken-dreier-png.png 763w\" data-sizes=\"auto\" data-orig-sizes=\"(max-width: 1300px) 100vw, (max-width: 640px) 100vw, 200px\" \/><\/span><\/div><div class=\"fusion-title title fusion-title-4 fusion-sep-none fusion-title-center fusion-title-text fusion-title-size-paragraph\" style=\"--awb-margin-top-small:0px;--awb-margin-right-small:0px;--awb-margin-bottom-small:20px;--awb-margin-left-small:0px;\"><p class=\"fusion-title-heading title-heading-center title-heading-tag fusion-responsive-typography-calculated\" style=\"margin:0;--fontSize:20;--minFontSize:20;line-height:1.5;\"><strong><span style=\"color: #c6007e;\">2022 &#8211; zum 30 j\u00e4hrigen Firmenjubil\u00e4um<\/span> Spenden-Sammlung \u00fcber 15.000 Euro f\u00fcr Baum-Patenschaften<br \/>\n<\/strong><\/p><\/div><\/div><\/div><div class=\"fusion-layout-column fusion_builder_column fusion-builder-column-10 fusion_builder_column_1_5 1_5 fusion-flex-column\" style=\"--awb-bg-size:cover;--awb-width-large:20%;--awb-margin-top-large:0px;--awb-spacing-right-large:9.6%;--awb-margin-bottom-large:2%;--awb-spacing-left-large:9.6%;--awb-width-medium:100%;--awb-order-medium:0;--awb-spacing-right-medium:1.92%;--awb-spacing-left-medium:1.92%;--awb-width-small:100%;--awb-order-small:0;--awb-spacing-right-small:1.92%;--awb-spacing-left-small:1.92%;\"><div class=\"fusion-column-wrapper fusion-column-has-shadow fusion-flex-justify-content-flex-start fusion-content-layout-column\"><div class=\"fusion-image-element \" style=\"text-align:center;--awb-margin-bottom:0.9em;--awb-max-width:250px;--awb-caption-title-font-family:var(--h2_typography-font-family);--awb-caption-title-font-weight:var(--h2_typography-font-weight);--awb-caption-title-font-style:var(--h2_typography-font-style);--awb-caption-title-size:var(--h2_typography-font-size);--awb-caption-title-transform:var(--h2_typography-text-transform);--awb-caption-title-line-height:var(--h2_typography-line-height);--awb-caption-title-letter-spacing:var(--h2_typography-letter-spacing);\"><span class=\" fusion-imageframe imageframe-none imageframe-7 hover-type-none\"><img decoding=\"async\" width=\"300\" height=\"197\" title=\"COM_Baeume-2\" src=\"https:\/\/www.compact-kaeltetechnik.de\/wp-content\/uploads\/2024\/01\/COM_Baeume-2.png\" data-orig-src=\"https:\/\/www.compact-kaeltetechnik.de\/wp-content\/uploads\/2024\/01\/COM_Baeume-2-300x197.png\" alt class=\"lazyload img-responsive wp-image-14520\" srcset=\"data:image\/svg+xml,%3Csvg%20xmlns%3D%27http%3A%2F%2Fwww.w3.org%2F2000%2Fsvg%27%20width%3D%27763%27%20height%3D%27500%27%20viewBox%3D%270%200%20763%20500%27%3E%3Crect%20width%3D%27763%27%20height%3D%27500%27%20fill-opacity%3D%220%22%2F%3E%3C%2Fsvg%3E\" data-srcset=\"https:\/\/www.compact-kaeltetechnik.de\/wp-content\/uploads\/2024\/01\/COM_Baeume-2-200x131.png 200w, https:\/\/www.compact-kaeltetechnik.de\/wp-content\/uploads\/2024\/01\/COM_Baeume-2-400x262.png 400w, https:\/\/www.compact-kaeltetechnik.de\/wp-content\/uploads\/2024\/01\/COM_Baeume-2-600x393.png 600w, https:\/\/www.compact-kaeltetechnik.de\/wp-content\/uploads\/2024\/01\/COM_Baeume-2.png 763w\" data-sizes=\"auto\" data-orig-sizes=\"(max-width: 1300px) 100vw, (max-width: 640px) 100vw, 200px\" \/><\/span><\/div><div class=\"fusion-title title fusion-title-5 fusion-sep-none fusion-title-center fusion-title-text fusion-title-size-paragraph\" style=\"--awb-margin-top-small:0px;--awb-margin-right-small:0px;--awb-margin-bottom-small:20px;--awb-margin-left-small:0px;\"><p class=\"fusion-title-heading title-heading-center title-heading-tag fusion-responsive-typography-calculated\" style=\"margin:0;--fontSize:20;--minFontSize:20;line-height:1.5;\"><p><strong><span style=\"color: #c6007e;\">2024 &#8211; Info-Kampagne Weihnachtskarte<\/span> f\u00fcr Baumpatenschaften sowie Spendenauftakt mit 500 Euro<br \/>\n<\/strong><\/p><\/p><\/div><\/div><\/div><div class=\"fusion-layout-column fusion_builder_column fusion-builder-column-11 fusion_builder_column_1_5 1_5 fusion-flex-column\" style=\"--awb-bg-size:cover;--awb-width-large:20%;--awb-margin-top-large:0px;--awb-spacing-right-large:9.6%;--awb-margin-bottom-large:2%;--awb-spacing-left-large:9.6%;--awb-width-medium:100%;--awb-order-medium:0;--awb-spacing-right-medium:1.92%;--awb-spacing-left-medium:1.92%;--awb-width-small:100%;--awb-order-small:0;--awb-spacing-right-small:1.92%;--awb-spacing-left-small:1.92%;\"><div class=\"fusion-column-wrapper fusion-column-has-shadow fusion-flex-justify-content-flex-start fusion-content-layout-column\"><div class=\"fusion-image-element \" style=\"text-align:center;--awb-margin-bottom:0.9em;--awb-max-width:250px;--awb-caption-title-font-family:var(--h2_typography-font-family);--awb-caption-title-font-weight:var(--h2_typography-font-weight);--awb-caption-title-font-style:var(--h2_typography-font-style);--awb-caption-title-size:var(--h2_typography-font-size);--awb-caption-title-transform:var(--h2_typography-text-transform);--awb-caption-title-line-height:var(--h2_typography-line-height);--awb-caption-title-letter-spacing:var(--h2_typography-letter-spacing);\"><span class=\" fusion-imageframe imageframe-none imageframe-8 hover-type-none\"><img decoding=\"async\" width=\"300\" height=\"197\" alt=\"B\u00e4ume\" src=\"https:\/\/www.compact-kaeltetechnik.de\/wp-content\/uploads\/2024\/11\/strichzeichung-baeume.png\" data-orig-src=\"https:\/\/www.compact-kaeltetechnik.de\/wp-content\/uploads\/2024\/11\/strichzeichung-baeume.png\" class=\"lazyload img-responsive wp-image-21761\" srcset=\"data:image\/svg+xml,%3Csvg%20xmlns%3D%27http%3A%2F%2Fwww.w3.org%2F2000%2Fsvg%27%20width%3D%27300%27%20height%3D%27197%27%20viewBox%3D%270%200%20300%20197%27%3E%3Crect%20width%3D%27300%27%20height%3D%27197%27%20fill-opacity%3D%220%22%2F%3E%3C%2Fsvg%3E\" data-srcset=\"https:\/\/www.compact-kaeltetechnik.de\/wp-content\/uploads\/2024\/11\/strichzeichung-baeume-200x131.png 200w, https:\/\/www.compact-kaeltetechnik.de\/wp-content\/uploads\/2024\/11\/strichzeichung-baeume.png 300w\" data-sizes=\"auto\" data-orig-sizes=\"(max-width: 1300px) 100vw, (max-width: 640px) 100vw, 200px\" \/><\/span><\/div><div class=\"fusion-title title fusion-title-6 fusion-sep-none fusion-title-center fusion-title-text fusion-title-size-paragraph\" style=\"--awb-margin-top-small:0px;--awb-margin-right-small:0px;--awb-margin-bottom-small:20px;--awb-margin-left-small:0px;\"><p class=\"fusion-title-heading title-heading-center title-heading-tag fusion-responsive-typography-calculated\" style=\"margin:0;--fontSize:20;--minFontSize:20;line-height:1.5;\"><p><strong><span style=\"color: #c6007e;\">2025 &#8211; Newsletteraktion<\/span> mit jedem Klick auf <a href=\"https:\/\/www.compact-kaeltetechnik.de\/de\/cmartr-tool\/\">*cmartR-tool<\/a> spendete compact eine Baumpflanzung, erreichte Spendensumme:<br \/>\n750 EURO<br \/>\n<\/strong><\/p><\/p><\/div><\/div><\/div><div class=\"fusion-layout-column fusion_builder_column fusion-builder-column-12 fusion_builder_column_1_1 1_1 fusion-flex-column\" style=\"--awb-bg-size:cover;--awb-width-large:100%;--awb-margin-top-large:0px;--awb-spacing-right-large:1.92%;--awb-margin-bottom-large:2%;--awb-spacing-left-large:1.92%;--awb-width-medium:100%;--awb-order-medium:0;--awb-spacing-right-medium:1.92%;--awb-spacing-left-medium:1.92%;--awb-width-small:100%;--awb-order-small:0;--awb-spacing-right-small:1.92%;--awb-spacing-left-small:1.92%;\"><div class=\"fusion-column-wrapper fusion-column-has-shadow fusion-flex-justify-content-flex-start fusion-content-layout-column\"><div class=\"fusion-content-boxes content-boxes columns row fusion-columns-1 fusion-columns-total-1 fusion-content-boxes-4 content-boxes-timeline-horizontal content-left content-boxes-icon-on-top content-boxes-timeline-layout fusion-delayed-animation\" style=\"--awb-backgroundcolor:var(--awb-color2);--awb-margin-top:0px;--awb-hover-accent-color:var(--awb-color7);--awb-circle-hover-accent-color:var(--awb-color7);--awb-item-margin-bottom:40px;\" data-animation-delay=\"350\" data-animationOffset=\"top-into-view\"><div style=\"--awb-backgroundcolor:var(--awb-color2);\" class=\"fusion-column content-box-column content-box-column content-box-column-1 col-lg-12 col-md-12 col-sm-12 fusion-content-box-hover content-box-column-last content-box-column-last-in-row\"><div class=\"col content-box-wrapper content-wrapper-background link-area-link-icon icon-hover-animation-fade fusion-animated\" data-animationType=\"fadeIn\" data-animationDuration=\"0.25\" data-animationOffset=\"top-into-view\"><div class=\"heading icon-left\"><h2 class=\"content-box-heading fusion-responsive-typography-calculated\" style=\"--h2_typography-font-size:18px;--fontSize:18;line-height:1.2;\">Das Projekt mit einem pers\u00f6nlichen Beitrag unterst\u00fctzen:<\/h2><\/div><div class=\"fusion-clearfix\"><\/div><div class=\"content-container\">\n<p style=\"text-align: center;\">Sie wollen auch Pate f\u00fcr eine Baumpflanzung sein? Bereits mit einer Spende ab 5 Euro unterst\u00fctzen Sie den Kauf und die Pflege eines Baumes f\u00fcnf Jahre lang.<\/p>\n<p style=\"text-align: center;\">Hier geht es zur <strong><a href=\"https:\/\/mehr-wald-fuer-sachsen.de\/wald-spenden\/\" target=\"_blank\" rel=\"noopener\">Spende an die Stiftung Wald f\u00fcr Sachsen.<\/a><\/strong><\/p>\n<\/div><\/div><\/div><div class=\"fusion-clearfix\"><\/div><\/div><div class=\"fusion-separator fusion-full-width-sep\" style=\"align-self: center;margin-left: auto;margin-right: auto;margin-bottom:1.9em;width:100%;\"><div class=\"fusion-separator-border sep-double\" style=\"--awb-height:20px;--awb-amount:20px;border-color:#e0dede;border-top-width:1px;border-bottom-width:1px;\"><\/div><\/div><div class=\"fusion-text fusion-text-2 fusion-text-no-margin\" style=\"--awb-margin-bottom:0px;\"><p><strong>photo credit:<\/strong><br \/>\nphoto 1: <span class=\"grey dove-text\">Young rowan tree seedling grow from old stump in Poland forest <\/span>&#8211; Image by <a href=\"https:\/\/stock.adobe.com\/de\/images\/young-rowan-tree-seedling-grow-from-old-stump-in-poland-forest\/310036430\" target=\"_blank\" rel=\"noopener\">adobe stock<\/a><br \/>\nphoto 2: hands protecting plant &#8211; Image by <a href=\"https:\/\/www.freepik.com\/free-photo\/hands-protecting-plant_2377739.htm#query=hands%20save%20plant&amp;position=6&amp;from_view=search&amp;track=ais&amp;uuid=d91d1642-2d32-42b5-a044-3cdca24bae9e\">Freepik<\/a><\/p>\n<\/div><\/div><\/div><\/div><\/div>\n","protected":false},"excerpt":{"rendered":"","protected":false},"author":290,"featured_media":13889,"comment_status":"closed","ping_status":"closed","sticky":false,"template":"","format":"standard","meta":{"footnotes":""},"categories":[15],"tags":[227,202,285,231,284],"class_list":["post-13910","post","type-post","status-publish","format-standard","has-post-thumbnail","hentry","category-news","tag-baumpflanzungen","tag-co2","tag-klimaschutz","tag-spende","tag-umweltschutz"],"_links":{"self":[{"href":"https:\/\/www.compact-kaeltetechnik.de\/de\/wp-json\/wp\/v2\/posts\/13910","targetHints":{"allow":["GET"]}}],"collection":[{"href":"https:\/\/www.compact-kaeltetechnik.de\/de\/wp-json\/wp\/v2\/posts"}],"about":[{"href":"https:\/\/www.compact-kaeltetechnik.de\/de\/wp-json\/wp\/v2\/types\/post"}],"author":[{"embeddable":true,"href":"https:\/\/www.compact-kaeltetechnik.de\/de\/wp-json\/wp\/v2\/users\/290"}],"replies":[{"embeddable":true,"href":"https:\/\/www.compact-kaeltetechnik.de\/de\/wp-json\/wp\/v2\/comments?post=13910"}],"version-history":[{"count":33,"href":"https:\/\/www.compact-kaeltetechnik.de\/de\/wp-json\/wp\/v2\/posts\/13910\/revisions"}],"predecessor-version":[{"id":22484,"href":"https:\/\/www.compact-kaeltetechnik.de\/de\/wp-json\/wp\/v2\/posts\/13910\/revisions\/22484"}],"wp:featuredmedia":[{"embeddable":true,"href":"https:\/\/www.compact-kaeltetechnik.de\/de\/wp-json\/wp\/v2\/media\/13889"}],"wp:attachment":[{"href":"https:\/\/www.compact-kaeltetechnik.de\/de\/wp-json\/wp\/v2\/media?parent=13910"}],"wp:term":[{"taxonomy":"category","embeddable":true,"href":"https:\/\/www.compact-kaeltetechnik.de\/de\/wp-json\/wp\/v2\/categories?post=13910"},{"taxonomy":"post_tag","embeddable":true,"href":"https:\/\/www.compact-kaeltetechnik.de\/de\/wp-json\/wp\/v2\/tags?post=13910"}],"curies":[{"name":"wp","href":"https:\/\/api.w.org\/{rel}","templated":true}]}}